
{"id":1115,"date":"2021-03-18T12:05:52","date_gmt":"2021-03-18T11:05:52","guid":{"rendered":"https:\/\/www.future.at\/blog\/?p=1115"},"modified":"2021-03-19T10:59:42","modified_gmt":"2021-03-19T09:59:42","slug":"aus-der-kraft-des-herzens","status":"publish","type":"post","link":"https:\/\/www.future.at\/blog\/aus-der-kraft-des-herzens\/","title":{"rendered":"\u201eAus der Kraft des Herzens kann so viel mehr entstehen\u201c"},"content":{"rendered":"\n<p><em>In den vergangenen 30 Jahren hat FUTURE tausende Menschen begleitet, Coaches ausgebildet, Teams unterst\u00fctzt. F\u00fcr den FUTURE-Newsletter haben wir Kundinnen und Kunden gefragt, wie sie Begegnungen erlebt haben \u2013 und wie wichtig diese Unterst\u00fctzung f\u00fcr sie gerade JETZT ist.<\/em><\/p>\n<br class=\"\u201cclear\u201d\">\n\n\n<p><em>Die Interviews f\u00fchrten <a href=\"https:\/\/www.beyourstory.at\/\" target=\"_blank\" rel=\"noopener noreferrer\">Bettina F\u00fcrlinger<\/a> und <a href=\"http:\/\/www.pzwei.at\/\" target=\"_blank\" rel=\"noopener noreferrer\">Wolfgang Pendl<\/a>.<\/em><\/p>\n\n\n<br class=\"\u201cclear\u201d\">\n\n\n\n<h2 class=\"wp-block-heading\"><strong>Echtes Leadership f\u00e4ngt an, wo Management aufh\u00f6rt<\/strong><\/h2>\n\n\n\n<p>\u201eWir sind in einem boomenden Markt t\u00e4tig und sind in den vergangenen Jahren extrem gewachsen. Die Organisation muss mitwachsen, sie ist in einem permanenten Changeprozess. Deshalb ist Personal- und Organisationsentwicklung f\u00fcr uns besonders wichtig.<\/p>\n\n\n<p><!--more--><\/p>\n\n\n<p>Bei <a href=\"https:\/\/erema-group.com\/\" target=\"_blank\" aria-label=\"undefined (opens in a new tab)\" rel=\"noreferrer noopener\">EREMA<\/a> gab es daf\u00fcr schon lange etablierte, gute Angebote f\u00fcr F\u00fchrungskr\u00e4fte. Als ich ins Unternehmen kam, hatte ich das Gef\u00fchl: Es braucht noch mehr. In vielen Leadership-Trainings geht es um die Werkzeuge der F\u00fchrung. Das ist wichtig, aber es gibt noch etwas dar\u00fcber hinaus: Haltungen, Einstellungen und Werte \u2013 das Menschenbild. Da ist <a href=\"https:\/\/www.future.at\/\" target=\"_blank\" aria-label=\"undefined (opens in a new tab)\" rel=\"noreferrer noopener\">FUTURE<\/a> genial. Ich bin \u00fcberzeugt: Echte Leadership f\u00e4ngt dort an, wo Management aufh\u00f6rt.<\/p>\n\n\n\n<p>Wir haben zun\u00e4chst begonnen, einzelne Mitarbeiter in die <a href=\"https:\/\/www.future.at\/coaching\/coaching-akademie\/ausbildung-interner-coach-fuer-unternehmenskultur-und-leadership\/\" target=\"_blank\" aria-label=\"undefined (opens in a new tab)\" rel=\"noreferrer noopener\">FUTURE-Ausbildung zum Unternehmensinternen Coach<\/a> zu schicken. Unser Lehrlingsausbildner war einer unserer ersten. Heute kann ich sagen: Er hat Exzellenz darin entwickelt, junge Menschen zu f\u00f6rdern und zu entwickeln. Wir sind heute weitum f\u00fcr unsere hervorragende Lehrlingsausbildung bekannt. Inzwischen arbeiten wir mit <a href=\"https:\/\/www.future.at\/\" target=\"_blank\" aria-label=\"undefined (opens in a new tab)\" rel=\"noreferrer noopener\">FUTURE<\/a> auf verschiedenen Ebenen.<\/p>\n\n\n\n<p>Immer, wenn Menschen miteinander sind, braucht es vor allem bedingungslose Wertsch\u00e4tzung f\u00fcr einander. Das war immer schon so, aber vor der Coronakrise konnte man sich irgendwie durchlavieren. Jetzt geht das nicht mehr. Die Krise wirkt da wie ein Brennglas.\u201c<\/p>\n\n\n\n<div class=\"wp-block-group\"><div class=\"wp-block-group__inner-container is-layout-flow wp-block-group-is-layout-flow\">\n<br class=\"\u201cclear\u201d\">\n<\/div><\/div>\n\n\n\n<div class=\"wp-block-media-text alignwide is-stacked-on-mobile is-vertically-aligned-top\" style=\"grid-template-columns:21% auto\"><figure class=\"wp-block-media-text__media\"><img loading=\"lazy\" decoding=\"async\" width=\"591\" height=\"591\" src=\"https:\/\/www.future.at\/blog\/wp-content\/uploads\/2021\/03\/Uli-Voithofer-1.jpg\" alt=\"\" class=\"wp-image-1127\" srcset=\"https:\/\/www.future.at\/blog\/wp-content\/uploads\/2021\/03\/Uli-Voithofer-1.jpg 591w, https:\/\/www.future.at\/blog\/wp-content\/uploads\/2021\/03\/Uli-Voithofer-1-300x300.jpg 300w, https:\/\/www.future.at\/blog\/wp-content\/uploads\/2021\/03\/Uli-Voithofer-1-150x150.jpg 150w\" sizes=\"auto, (max-width: 591px) 100vw, 591px\" \/><\/figure><div class=\"wp-block-media-text__content\">\n<p><strong>Ulli Voithofer<\/strong><br>HR-Managerin EREMA Group<br><a href=\"http:\/\/www.erema-group.com\/\" target=\"_blank\" rel=\"noreferrer noopener\">www.erema-group.com<\/a><\/p>\n<\/div><\/div>\n\n\n<p><br class=\"\u201cclear\u201d\"><br class=\"\u201cclear\u201d\"><\/p>\n\n\n<h2 class=\"wp-block-heading\"><strong>Der Mensch im Mittelpunkt<\/strong><\/h2>\n\n\n\n<p>\u201eWir begleiten Unternehmen, Bildungs- und Forschungseinrichtungen mit dem Ziel, den Wirtschaftsstandort K\u00e4rnten zu st\u00e4rken. <a href=\"https:\/\/www.future.at\/\" target=\"_blank\" aria-label=\"undefined (opens in a new tab)\" rel=\"noreferrer noopener\">FUTURE<\/a> unterst\u00fctzt uns dabei schon mehr als zwei Jahrzehnte \u2013 eine wertvolle Begleitung mit gro\u00dfem Herz, fr\u00fcher durch <a href=\"https:\/\/www.future.at\/team\/trainer\/angelika-fussenegger\/\" target=\"_blank\" aria-label=\"undefined (opens in a new tab)\" rel=\"noreferrer noopener\">Angelika Fu\u00dfenegger<\/a>, seit einigen Jahren durch <a href=\"https:\/\/www.future.at\/team\/trainer\/anita-hussl-arnold\/\" target=\"_blank\" aria-label=\"undefined (opens in a new tab)\" rel=\"noreferrer noopener\">Anita Hu\u00dfl-Arnold<\/a>.<\/p>\n\n\n\n<p>Bei <a href=\"https:\/\/www.future.at\/\" target=\"_blank\" aria-label=\"undefined (opens in a new tab)\" rel=\"noreferrer noopener\">FUTURE<\/a> steht der Mensch im Mittelpunkt. Jeder Einzelne. Der Blick richtet sich auf das Gegen\u00fcber, seine Sichtweisen und seine Bed\u00fcrfnisse. Ob Kunde oder Teammitglied: Nur wenn wir die Bed\u00fcrfnisse unseres Gegen\u00fcbers wahrnehmen, k\u00f6nnen wir ihn gut unterst\u00fctzen.<\/p>\n\n\n\n<p>Mit <a href=\"https:\/\/www.future.at\/\" target=\"_blank\" aria-label=\"undefined (opens in a new tab)\" rel=\"noreferrer noopener\">FUTURE<\/a> arbeiten wir sowohl auf Ebene des Vorstands, der F\u00fchrungskr\u00e4fte als auch mit dem gesamten Team. Wenn einmal im Jahr alle 40 Mitarbeiterinnen und Mitarbeiter zusammenkommen, ist das einfach Wow! So viele sind wir! Das ist eine geballte F\u00fclle, wenn alle im Raum sitzen. Diese Tage habe ich immer als sehr st\u00e4rkend erlebt.<\/p>\n\n\n\n<p>Als Ende vergangenen Jahres deutlich wurde, wie sehr fehlende Kommunikation, Stress oder die Kinderbetreuung viele Mitarbeiterinnen und Mitarbeiter im Homeoffice belasten, haben wir digitale Kulturtage abgehalten. Wir haben uns drei Tage Zeit genommen, um unsere Mitarbeiterinnen und Mitarbeiter zu st\u00e4rken. Und wieder haben wir gesehen: Das Kommunizieren von Mensch zu Mensch ist total wichtig, das kann auch bei digitalen Meetings gelingen.<\/p>\n\n\n\n<p>Wir m\u00fcssen den Menschen wieder st\u00e4rker in den Mittelpunkt stellen, dann kann sich der Einzelne und das Unternehmen gut weiterentwickeln.\u201c<\/p>\n\n\n\n<br class=\"\u201cclear\u201d\">\n\n\n\n<div class=\"wp-block-media-text alignwide is-stacked-on-mobile is-vertically-aligned-top\" style=\"grid-template-columns:21% auto\"><figure class=\"wp-block-media-text__media\"><img loading=\"lazy\" decoding=\"async\" width=\"1024\" height=\"1024\" src=\"https:\/\/www.future.at\/blog\/wp-content\/uploads\/2021\/03\/Sandra-Venus-1024x1024.jpg\" alt=\"\" class=\"wp-image-1135\" srcset=\"https:\/\/www.future.at\/blog\/wp-content\/uploads\/2021\/03\/Sandra-Venus-1024x1024.jpg 1024w, https:\/\/www.future.at\/blog\/wp-content\/uploads\/2021\/03\/Sandra-Venus-300x300.jpg 300w, https:\/\/www.future.at\/blog\/wp-content\/uploads\/2021\/03\/Sandra-Venus-150x150.jpg 150w, https:\/\/www.future.at\/blog\/wp-content\/uploads\/2021\/03\/Sandra-Venus-768x768.jpg 768w, https:\/\/www.future.at\/blog\/wp-content\/uploads\/2021\/03\/Sandra-Venus.jpg 1295w\" sizes=\"auto, (max-width: 1024px) 100vw, 1024px\" \/><\/figure><div class=\"wp-block-media-text__content\">\n<p><strong><strong>Mag.a Sandra Venus<\/strong><br><\/strong>Vorst\u00e4ndin K\u00e4rntner Wirtschaftsf\u00f6rderungs Fonds<strong><br><a aria-label=\"undefined (opens in a new tab)\" href=\"http:\/\/www.kwf.at\/\" target=\"_blank\" rel=\"noreferrer noopener\">www.kwf.at<\/a><\/strong><\/p>\n<\/div><\/div>\n\n\n\n<p>(Foto: Johannes Puch)<\/p>\n\n\n\n<br class=\"\u201cclear\u201d\"><br class=\"\u201cclear\u201d\">\n\n\n\n<h2 class=\"wp-block-heading\"><strong>Wow, die Welt ist wundersch\u00f6n!<\/strong><\/h2>\n\n\n\n<p>\u201eEine gute Freundin hat mir <a href=\"https:\/\/www.future.at\/\" target=\"_blank\" aria-label=\"undefined (opens in a new tab)\" rel=\"noreferrer noopener\">FUTURE<\/a> empfohlen, als sie gemerkt hat, dass es mir nicht gut geht. Damals ist einiges zusammengekommen, beruflich und privat. Ich habe gemerkt, ich kann keine Entscheidungen treffen, ich bin leer.<\/p>\n\n\n\n<p>Beim ersten Coaching hat <a href=\"https:\/\/www.future.at\/team\/trainer\/elisabeth-ziegelmeyer\/\" target=\"_blank\" aria-label=\"undefined (opens in a new tab)\" rel=\"noreferrer noopener\">Elisabeth Ziegelmayr<\/a> gesagt: Wir m\u00fcssen schauen, dass du wieder in die F\u00fclle kommst. Genau das ist passiert. Ich erinnere mich, wie ich danach dachte: Wow, die Welt ist doch eigentlich wundersch\u00f6n! So geht es mir seither nach jedem <a href=\"https:\/\/www.future.at\/coaching\/\" target=\"_blank\" aria-label=\"undefined (opens in a new tab)\" rel=\"noreferrer noopener\">FUTURE-Coaching<\/a>. Von diesem Gef\u00fchl zehre ich lange, es tr\u00e4gt mich. Seit ein paar Monaten unterst\u00fctzt uns <a href=\"https:\/\/www.future.at\/\" target=\"_blank\" aria-label=\"undefined (opens in a new tab)\" rel=\"noreferrer noopener\">FUTURE<\/a> auch im Unternehmen und ich sp\u00fcre schon jetzt positive Entwicklungsschritte in der Kommunikation und der Zusammenarbeit.<\/p>\n\n\n\n<p>Das Besondere an diesen Coachings ist f\u00fcr mich, wie sehr wir in die Tiefe gehen. Da geht es nicht um oberfl\u00e4chliche Korrekturen, das geht an meine Grundfesten. Jedes Thema hat einen tieferliegenden Grund in meinem Sein. F\u00fcr mich ist es ein Geheimnis und eine Faszination, was da passiert. Die <a href=\"https:\/\/www.future.at\/team\/\" target=\"_blank\" aria-label=\"undefined (opens in a new tab)\" rel=\"noreferrer noopener\">FUTURE-Trainerinnen<\/a> sind f\u00fcr mich Zauberk\u00fcnstlerinnen: Ich muss es nicht verstehen, ich kann darauf vertrauen, was da passiert.<\/p>\n\n\n\n<p>Die aktuelle Pandemie hat viele Entwicklungen beschleunigt: Die Themen, w\u00e4ren ohnehin irgendwann aufgetaucht, aber durch diese Krise sind sie fr\u00fcher an die Oberfl\u00e4che gekommen. Jetzt sind sie da und es ist umso wichtiger, intensiv daran zu arbeiten.\u201c<\/p>\n\n\n\n<br class=\"\u201cclear\u201d\">\n\n\n\n<div class=\"wp-block-media-text alignwide is-stacked-on-mobile is-vertically-aligned-top\" style=\"grid-template-columns:21% auto\"><figure class=\"wp-block-media-text__media\"><img loading=\"lazy\" decoding=\"async\" width=\"1024\" height=\"1024\" src=\"https:\/\/www.future.at\/blog\/wp-content\/uploads\/2021\/03\/Alexandra-Aschbacher-1024x1024.jpg\" alt=\"\" class=\"wp-image-1142\" srcset=\"https:\/\/www.future.at\/blog\/wp-content\/uploads\/2021\/03\/Alexandra-Aschbacher-1024x1024.jpg 1024w, https:\/\/www.future.at\/blog\/wp-content\/uploads\/2021\/03\/Alexandra-Aschbacher-300x300.jpg 300w, https:\/\/www.future.at\/blog\/wp-content\/uploads\/2021\/03\/Alexandra-Aschbacher-150x150.jpg 150w, https:\/\/www.future.at\/blog\/wp-content\/uploads\/2021\/03\/Alexandra-Aschbacher-768x768.jpg 768w, https:\/\/www.future.at\/blog\/wp-content\/uploads\/2021\/03\/Alexandra-Aschbacher-1536x1536.jpg 1536w, https:\/\/www.future.at\/blog\/wp-content\/uploads\/2021\/03\/Alexandra-Aschbacher-2048x2048.jpg 2048w\" sizes=\"auto, (max-width: 1024px) 100vw, 1024px\" \/><\/figure><div class=\"wp-block-media-text__content\">\n<p><strong><strong><strong>Alexandra Aschbacher<\/strong><br><\/strong><\/strong>Chefredakteurin ff &#8211; Das S\u00fcdtiroler Wochenmagazin<strong><strong><br><a href=\"http:\/\/www.ff-bz.com\/\" target=\"_blank\" aria-label=\"undefined (opens in a new tab)\" rel=\"noreferrer noopener\">www.ff-bz.com<\/a><\/strong><\/strong><\/p>\n<\/div><\/div>\n\n\n\n<p>(Foto: Alexander Alber\/ff)<\/p>\n\n\n\n<br class=\"\u201cclear\u201d\"><br class=\"\u201cclear\u201d\">\n\n\n\n<h2 class=\"wp-block-heading\"><strong>\u201eWillkommen\u201c ist ein magisches Wort<\/strong><\/h2>\n\n\n\n<p>Schon vor gut zehn Jahren \u2013 ich war damals im <a href=\"https:\/\/www.khm.at\/\" target=\"_blank\" aria-label=\"undefined (opens in a new tab)\" rel=\"noreferrer noopener\">Kunsthistorischen Museum<\/a> t\u00e4tig \u2013 war es ein Aha-Erlebnis f\u00fcr mich, wie klar <a href=\"https:\/\/www.future.at\/\" target=\"_blank\" aria-label=\"undefined (opens in a new tab)\" rel=\"noreferrer noopener\">FUTURE<\/a> an der Person ansetzt: Nur bei dir selbst kannst du beginnen, deine Rolle und deine Wirkung hinterfragen und letztlich auch Ver\u00e4nderung in Gang setzen. Das wurde mir damals nachhaltig bewusst.<\/p>\n\n\n\n<p>\u201eWillkommen\u201c ist in dem Zusammenhang ein magisches Wort. Man k\u00f6nnte genauso gut \u201eHurra\u201c sagen, denn es geht um die Einstellung, die das Wort verk\u00f6rpert. Mit diesem \u201eWillkommen\u201c gehe ich besser durch die aktuellen Herausforderungen und es erm\u00f6glicht mir einen anderen Blick auf die Menschen in meinem bunten Team: eine unvoreingenommene Sicht auf die Besonderheiten und St\u00e4rken der jeweiligen Person. Vice versa bin ich schon gespannt auf die Sicht meiner Mitarbeiterinnen und Mitarbeiter auf mich als F\u00fchrungskraft, denn wir werden auch Mitarbeiter-Gespr\u00e4che einf\u00fchren. Zudem werden wir gemeinsam mit <a href=\"https:\/\/www.future.at\/\" target=\"_blank\" aria-label=\"undefined (opens in a new tab)\" rel=\"noreferrer noopener\">FUTURE<\/a> einen Teambuilding-Prozess in Gang setzen, um unser Haus bestm\u00f6glich f\u00fcr die Zukunft aufzustellen.<\/p>\n\n\n\n<p>Ich habe eine HTL absolviert und denke gerne in technischen Bildern: Wenn sich die Menschen im Team gegenseitig unterst\u00fctzen sowie aktiv L\u00f6sungen einbringen, ist es, als ob die Zahnr\u00e4der ineinandergreifen. F\u00fcr mich ist es das, was man Teamspirit nennt. Auf diesem Weg sind die <a aria-label=\"undefined (opens in a new tab)\" href=\"https:\/\/www.future.at\/team\/\" target=\"_blank\" rel=\"noreferrer noopener\">FUTURE-Coaches<\/a> \u2013 in meinem Fall <a aria-label=\"undefined (opens in a new tab)\" href=\"https:\/\/www.future.at\/team\/trainer\/angelika-fussenegger\/\" target=\"_blank\" rel=\"noreferrer noopener\">Angelika Fussenegger<\/a> \u2013 exzellente Sparring-Partner.<\/p>\n\n\n\n<br class=\"\u201cclear\u201d\">\n\n\n\n<div class=\"wp-block-media-text alignwide is-stacked-on-mobile is-vertically-aligned-top\" style=\"grid-template-columns:21% auto\"><figure class=\"wp-block-media-text__media\"><img loading=\"lazy\" decoding=\"async\" width=\"1024\" height=\"1024\" src=\"https:\/\/www.future.at\/blog\/wp-content\/uploads\/2021\/03\/Markus-Roboch-1024x1024.jpg\" alt=\"\" class=\"wp-image-1145\" srcset=\"https:\/\/www.future.at\/blog\/wp-content\/uploads\/2021\/03\/Markus-Roboch-1024x1024.jpg 1024w, https:\/\/www.future.at\/blog\/wp-content\/uploads\/2021\/03\/Markus-Roboch-300x300.jpg 300w, https:\/\/www.future.at\/blog\/wp-content\/uploads\/2021\/03\/Markus-Roboch-150x150.jpg 150w, https:\/\/www.future.at\/blog\/wp-content\/uploads\/2021\/03\/Markus-Roboch-768x768.jpg 768w, https:\/\/www.future.at\/blog\/wp-content\/uploads\/2021\/03\/Markus-Roboch-1536x1536.jpg 1536w, https:\/\/www.future.at\/blog\/wp-content\/uploads\/2021\/03\/Markus-Roboch-2048x2048.jpg 2048w\" sizes=\"auto, (max-width: 1024px) 100vw, 1024px\" \/><\/figure><div class=\"wp-block-media-text__content\">\n<p><strong><strong><strong><strong>Mag. Markus Roboch<\/strong><br><\/strong><\/strong><\/strong>Wirtschaftlicher Gesch\u00e4ftsf\u00fchrer Naturhistorisches Museum<strong><strong><strong><br><a href=\"http:\/\/www.nhm-wien.ac.at\/\">www.nhm-wien.ac.at<\/a><\/strong><\/strong><\/strong><\/p>\n<\/div><\/div>\n\n\n\n<p>(Foto: NHM Wien)<\/p>\n\n\n\n<br class=\"\u201cclear\u201d\"><br class=\"\u201cclear\u201d\">\n\n\n\n<h2 class=\"wp-block-heading\"><strong>Die Kraft des Herzens macht den Unterschied<\/strong><\/h2>\n\n\n\n<p>\u201eWirtschaftliche Entscheidungen basieren selbstverst\u00e4ndlich und allem voran auf Zahlen, Daten und Fakten. Mich hingegen hat immer bewegt, dass es Menschen sind, die die Leistung erbringen und dann die Entscheidungen treffen. Was macht dabei den entscheidenden Unterschied? Warum funktionieren manche Dinge, warum anderes nicht? F\u00fchrung ist, mit Menschen umgehen. Wir sollten also den Menschen viel mehr in den Mittelpunkt stellen.<\/p>\n\n\n\n<p>Auf eine Empfehlung hin habe ich vor vier Jahren mit <a href=\"https:\/\/www.future.at\/team\/trainer\/wolfgang-steger\/\" target=\"_blank\" aria-label=\"undefined (opens in a new tab)\" rel=\"noreferrer noopener\">Wolfgang Steger<\/a> zu arbeiten begonnen und sofort gewusst: Das ist es. Das m\u00f6chte ich ins Unternehmen holen! Die Arbeit von <a href=\"https:\/\/www.future.at\/\" target=\"_blank\" aria-label=\"undefined (opens in a new tab)\" rel=\"noreferrer noopener\">FUTURE<\/a> ist von den F\u00fchrungskr\u00e4ften sehr, sehr positiv aufgenommen worden. Wir haben ein Bewusstsein geschaffen f\u00fcr das \u201eWillkommen\u201c, f\u00fcr das Prinzip von Mangel und F\u00fclle. Unsere Kommunikation ist viel offener geworden, wir teilen eine gemeinsame Vision. Im Unternehmen ist eine andere Klarheit entstanden, die den Mitarbeitern Sicherheit gibt.<\/p>\n\n\n\n<p>Unser Unternehmen ist f\u00fcr mich heute sp\u00fcrbar anders. In unserer Gruppe ist ein kollektives Bewusstsein entstanden. Das ist eine Basis, die uns auch in der aktuellen Wirtschaftskrise tr\u00e4gt. Die Situation ist nicht immer lustig, aber sie gibt uns auch die Freiheit, uns zu fragen: Wie k\u00f6nnte man es anders machen? Was k\u00f6nnen wir draus machen?<\/p>\n\n\n\n<p>In unserer Gesellschaft ist Wirtschaft immer auf Wachstum ausgerichtet. Es geht um Zahlen und Ergebnisse. Was v\u00f6llig untersch\u00e4tzt wird, ist diese Kraft des Herzens und das Wahrnehmen des Menschen und was dies dann f\u00fcr einen Unterschied f\u00fcr den Erfolg eines Unternehmens macht.\u201c<\/p>\n\n\n\n<br class=\"\u201cclear\u201d\">\n\n\n\n<div class=\"wp-block-media-text alignwide is-stacked-on-mobile is-vertically-aligned-top\" style=\"grid-template-columns:21% auto\"><figure class=\"wp-block-media-text__media\"><img loading=\"lazy\" decoding=\"async\" width=\"356\" height=\"356\" src=\"https:\/\/www.future.at\/blog\/wp-content\/uploads\/2021\/03\/Catharina-Trierenberg.jpg\" alt=\"\" class=\"wp-image-1149\" srcset=\"https:\/\/www.future.at\/blog\/wp-content\/uploads\/2021\/03\/Catharina-Trierenberg.jpg 356w, https:\/\/www.future.at\/blog\/wp-content\/uploads\/2021\/03\/Catharina-Trierenberg-300x300.jpg 300w, https:\/\/www.future.at\/blog\/wp-content\/uploads\/2021\/03\/Catharina-Trierenberg-150x150.jpg 150w\" sizes=\"auto, (max-width: 356px) 100vw, 356px\" \/><\/figure><div class=\"wp-block-media-text__content\">\n<p><strong><strong><strong><strong>Mag.a Catharina Trierenberg<br><\/strong><\/strong><\/strong><\/strong>Vorstand TRIVEST AG<strong><strong><strong><strong><br><a href=\"http:\/\/www.cti.group\/\" target=\"_blank\" aria-label=\"undefined (opens in a new tab)\" rel=\"noreferrer noopener\">www.cti.group<\/a><\/strong><\/strong><\/strong><\/strong><\/p>\n<\/div><\/div>\n\n\n\n<p>(Foto: Erwin Wimmer)<\/p>\n\n\n\n<br class=\"\u201cclear\u201d\"><br class=\"\u201cclear\u201d\">\n\n\n\n<h2 class=\"wp-block-heading\"><strong><strong>Was \u201erichtig gut leben\u201c ist<\/strong><\/strong><\/h2>\n\n\n\n<p>\u201eMein Mann und ich haben in den letzten knapp 30 Jahren einen technischen Dienstleister f\u00fcr die Automotive-Branche aufgebaut. Ich war immer sehr ins Tagesgesch\u00e4ft eingebunden, neben den drei Kindern und der Arbeit blieb kaum Zeit. Wenn mir damals jemand von Coaching erz\u00e4hlt hat, hat es mir die Fu\u00dfn\u00e4gel aufgerollt. Ich hab gedacht: wieder einer, der mir sagt, wie ich mein Leben leben soll.<\/p>\n\n\n\n<p>Eine Bekannte hat mir immer wieder von <a href=\"https:\/\/www.future.at\/\" target=\"_blank\" aria-label=\"undefined (opens in a new tab)\" rel=\"noreferrer noopener\">FUTURE<\/a> erz\u00e4hlt und das hat mich trotzdem irgendwie gefesselt. Als <a href=\"https:\/\/www.future.at\/\" target=\"_blank\" aria-label=\"undefined (opens in a new tab)\" rel=\"noreferrer noopener\">FUTURE<\/a> dann eine <a href=\"https:\/\/www.future.at\/angebot\/future-coaching-ausbildung-40\/\" target=\"_blank\" aria-label=\"undefined (opens in a new tab)\" rel=\"noreferrer noopener\">Coachingausbildung<\/a> in der N\u00e4he angeboten hat, habe ich Kontakt aufgenommen. Da musste ich schon sehr \u00fcber meinen Schatten springen.<\/p>\n\n\n\n<p>Doch schon der Einf\u00fchrungstag bei <a href=\"https:\/\/www.future.at\/team\/trainer\/gabriele-kurz\/\" target=\"_blank\" aria-label=\"undefined (opens in a new tab)\" rel=\"noreferrer noopener\">Gabi<\/a> und <a href=\"https:\/\/www.future.at\/team\/trainer\/thomas-kurz\/\" target=\"_blank\" aria-label=\"undefined (opens in a new tab)\" rel=\"noreferrer noopener\">Thomas Kurz<\/a> hat so viel gel\u00f6st. Das war richtig super und so war die ganze Ausbildung. Vor allem die Kontemplation war eine sagenhafte Erfahrung, ein beseelter Zustand. Heute sp\u00fcre ich: Wenn ich dranbleibe, bleibe ich in einem Topzustand. Ich falle nicht mehr so schnell in alte Muster. Ich h\u00e4tte nicht gedacht, dass solch ein Wandel mit Mitte 50 noch m\u00f6glich ist.<\/p>\n\n\n\n<p>Diese Energie \u00fcbertr\u00e4gt sich ins Gesch\u00e4ft: Wir haben ein hartes Jahr hinter uns, doch wir haben das Vertrauen der Mitarbeiter gesp\u00fcrt, haben in der F\u00fchrungsgruppe immer l\u00f6sungsorientiert in einem guten Klima gearbeitet. Auch in der Familie hat die Ausbildung viel bewirkt: Ich f\u00fchre so viele gute Gespr\u00e4che mit meinen Kindern. Letzthin habe ich mich mit meinem Sohn dar\u00fcber unterhalten, was \u201erichtig gut leben\u201c ist. Seine Antwort war: Ambiguit\u00e4tstoleranz. Ich nenne das: \u201eWilllkommen!\u201c<\/p>\n\n\n\n<br class=\"\u201cclear\u201d\">\n\n\n\n<div class=\"wp-block-media-text alignwide is-stacked-on-mobile is-vertically-aligned-top\" style=\"grid-template-columns:21% auto\"><figure class=\"wp-block-media-text__media\"><img loading=\"lazy\" decoding=\"async\" width=\"1024\" height=\"1024\" src=\"https:\/\/www.future.at\/blog\/wp-content\/uploads\/2021\/03\/Uli-Schnitzer-1024x1024.jpg\" alt=\"\" class=\"wp-image-1151\" srcset=\"https:\/\/www.future.at\/blog\/wp-content\/uploads\/2021\/03\/Uli-Schnitzer-1024x1024.jpg 1024w, https:\/\/www.future.at\/blog\/wp-content\/uploads\/2021\/03\/Uli-Schnitzer-300x300.jpg 300w, https:\/\/www.future.at\/blog\/wp-content\/uploads\/2021\/03\/Uli-Schnitzer-150x150.jpg 150w, https:\/\/www.future.at\/blog\/wp-content\/uploads\/2021\/03\/Uli-Schnitzer-768x768.jpg 768w, https:\/\/www.future.at\/blog\/wp-content\/uploads\/2021\/03\/Uli-Schnitzer-1536x1536.jpg 1536w, https:\/\/www.future.at\/blog\/wp-content\/uploads\/2021\/03\/Uli-Schnitzer-2048x2048.jpg 2048w\" sizes=\"auto, (max-width: 1024px) 100vw, 1024px\" \/><\/figure><div class=\"wp-block-media-text__content\">\n<p><strong><strong><strong><strong>Ulrike Schnitzer, Dipl. Betriebswirtin (FH)<br><\/strong><\/strong><\/strong><\/strong>Human Ressources Schnitzer Group<strong><strong><strong><strong><br><a href=\"http:\/\/www.schnitzer-group.com\/\">www.schnitzer-group.com<\/a><\/strong><\/strong><\/strong><\/strong><\/p>\n<\/div><\/div>\n\n\n\n<p>(Foto: privat)<\/p>\n\n\n\n<br class=\"\u201cclear\u201d\"><br class=\"\u201cclear\u201d\">\n","protected":false},"excerpt":{"rendered":"<p>In den vergangenen 30 Jahren hat FUTURE tausende Menschen begleitet, Coaches ausgebildet, Teams unterst\u00fctzt. F\u00fcr den FUTURE-Newsletter haben wir Kundinnen und Kunden gefragt, wie sie Begegnungen erlebt haben \u2013 und wie wichtig diese Unterst\u00fctzung f\u00fcr sie gerade JETZT ist.<\/p>\n","protected":false},"author":11,"featured_media":1162,"comment_status":"open","ping_status":"open","sticky":false,"template":"","format":"standard","meta":{"jetpack_post_was_ever_published":false,"_jetpack_newsletter_access":"","_jetpack_dont_email_post_to_subs":false,"_jetpack_newsletter_tier_id":0,"_jetpack_memberships_contains_paywalled_content":false,"_jetpack_memberships_contains_paid_content":false,"footnotes":""},"categories":[4,9,2],"tags":[160,233,51,234,126],"coauthors":[],"class_list":["post-1115","post","type-post","status-publish","format-standard","has-post-thumbnail","hentry","category-coaching","category-leadership","category-training","tag-coaching","tag-coachingausbildung","tag-leadership","tag-mensch-im-mittelpunkt","tag-unternehmensentwicklung"],"yoast_head":"<!-- This site is optimized with the Yoast SEO plugin v27.5 - https:\/\/yoast.com\/product\/yoast-seo-wordpress\/ -->\n<title>\u201eAus der Kraft des Herzens kann so viel mehr entstehen\u201c - FUTURE-Blog<\/title>\n<meta name=\"description\" content=\"KundInnen teilen ihre Erfahrungen und Begegnungen mit FUTURE \u2013 im Unternehmen und auf pers\u00f6nlicher Ebene. Ein kleiner Einblick in die Wirkung von FUTURE.\" \/>\n<meta name=\"robots\" content=\"index, follow, max-snippet:-1, max-image-preview:large, max-video-preview:-1\" \/>\n<link rel=\"canonical\" href=\"https:\/\/www.future.at\/blog\/aus-der-kraft-des-herzens\/\" \/>\n<meta property=\"og:locale\" content=\"de_DE\" \/>\n<meta property=\"og:type\" content=\"article\" \/>\n<meta property=\"og:title\" content=\"\u201eAus der Kraft des Herzens kann so viel mehr entstehen\u201c - FUTURE-Blog\" \/>\n<meta property=\"og:description\" content=\"KundInnen teilen ihre Erfahrungen und Begegnungen mit FUTURE \u2013 im Unternehmen und auf pers\u00f6nlicher Ebene. Ein kleiner Einblick in die Wirkung von FUTURE.\" \/>\n<meta property=\"og:url\" content=\"https:\/\/www.future.at\/blog\/aus-der-kraft-des-herzens\/\" \/>\n<meta property=\"og:site_name\" content=\"FUTURE-Blog\" \/>\n<meta property=\"article:publisher\" content=\"https:\/\/www.facebook.com\/FUTURE.at\/\" \/>\n<meta property=\"article:published_time\" content=\"2021-03-18T11:05:52+00:00\" \/>\n<meta property=\"article:modified_time\" content=\"2021-03-19T09:59:42+00:00\" \/>\n<meta property=\"og:image\" content=\"https:\/\/www.future.at\/blog\/wp-content\/uploads\/2021\/03\/30-Jahre-Future-quer.png\" \/>\n\t<meta property=\"og:image:width\" content=\"1650\" \/>\n\t<meta property=\"og:image:height\" content=\"1020\" \/>\n\t<meta property=\"og:image:type\" content=\"image\/png\" \/>\n<meta name=\"author\" content=\"Anita Hu\u00dfl-Arnold\" \/>\n<meta name=\"twitter:card\" content=\"summary_large_image\" \/>\n<meta name=\"twitter:creator\" content=\"@FUTURE_GmbH\" \/>\n<meta name=\"twitter:site\" content=\"@FUTURE_GmbH\" \/>\n<meta name=\"twitter:label1\" content=\"Verfasst von\" \/>\n\t<meta name=\"twitter:data1\" content=\"Anita Hu\u00dfl-Arnold\" \/>\n\t<meta name=\"twitter:label2\" content=\"Gesch\u00e4tzte Lesezeit\" \/>\n\t<meta name=\"twitter:data2\" content=\"8\u00a0Minuten\" \/>\n\t<meta name=\"twitter:label3\" content=\"Written by\" \/>\n\t<meta name=\"twitter:data3\" content=\"Anita Hu\u00dfl-Arnold\" \/>\n<script type=\"application\/ld+json\" class=\"yoast-schema-graph\">{\"@context\":\"https:\\\/\\\/schema.org\",\"@graph\":[{\"@type\":\"Article\",\"@id\":\"https:\\\/\\\/www.future.at\\\/blog\\\/aus-der-kraft-des-herzens\\\/#article\",\"isPartOf\":{\"@id\":\"https:\\\/\\\/www.future.at\\\/blog\\\/aus-der-kraft-des-herzens\\\/\"},\"author\":{\"name\":\"Anita Hu\u00dfl-Arnold\",\"@id\":\"https:\\\/\\\/www.future.at\\\/blog\\\/#\\\/schema\\\/person\\\/14456b61750480999b60a06115364788\"},\"headline\":\"\u201eAus der Kraft des Herzens kann so viel mehr entstehen\u201c\",\"datePublished\":\"2021-03-18T11:05:52+00:00\",\"dateModified\":\"2021-03-19T09:59:42+00:00\",\"mainEntityOfPage\":{\"@id\":\"https:\\\/\\\/www.future.at\\\/blog\\\/aus-der-kraft-des-herzens\\\/\"},\"wordCount\":1580,\"commentCount\":0,\"publisher\":{\"@id\":\"https:\\\/\\\/www.future.at\\\/blog\\\/#organization\"},\"image\":{\"@id\":\"https:\\\/\\\/www.future.at\\\/blog\\\/aus-der-kraft-des-herzens\\\/#primaryimage\"},\"thumbnailUrl\":\"https:\\\/\\\/www.future.at\\\/blog\\\/wp-content\\\/uploads\\\/2021\\\/03\\\/30-Jahre-Future-quer.png\",\"keywords\":[\"coaching\",\"coachingausbildung\",\"Leadership\",\"mensch im mittelpunkt\",\"unternehmensentwicklung\"],\"articleSection\":[\"Coaching\",\"Leadership\",\"Training\"],\"inLanguage\":\"de\",\"potentialAction\":[{\"@type\":\"CommentAction\",\"name\":\"Comment\",\"target\":[\"https:\\\/\\\/www.future.at\\\/blog\\\/aus-der-kraft-des-herzens\\\/#respond\"]}]},{\"@type\":\"WebPage\",\"@id\":\"https:\\\/\\\/www.future.at\\\/blog\\\/aus-der-kraft-des-herzens\\\/\",\"url\":\"https:\\\/\\\/www.future.at\\\/blog\\\/aus-der-kraft-des-herzens\\\/\",\"name\":\"\u201eAus der Kraft des Herzens kann so viel mehr entstehen\u201c - FUTURE-Blog\",\"isPartOf\":{\"@id\":\"https:\\\/\\\/www.future.at\\\/blog\\\/#website\"},\"primaryImageOfPage\":{\"@id\":\"https:\\\/\\\/www.future.at\\\/blog\\\/aus-der-kraft-des-herzens\\\/#primaryimage\"},\"image\":{\"@id\":\"https:\\\/\\\/www.future.at\\\/blog\\\/aus-der-kraft-des-herzens\\\/#primaryimage\"},\"thumbnailUrl\":\"https:\\\/\\\/www.future.at\\\/blog\\\/wp-content\\\/uploads\\\/2021\\\/03\\\/30-Jahre-Future-quer.png\",\"datePublished\":\"2021-03-18T11:05:52+00:00\",\"dateModified\":\"2021-03-19T09:59:42+00:00\",\"description\":\"KundInnen teilen ihre Erfahrungen und Begegnungen mit FUTURE \u2013 im Unternehmen und auf pers\u00f6nlicher Ebene. Ein kleiner Einblick in die Wirkung von FUTURE.\",\"breadcrumb\":{\"@id\":\"https:\\\/\\\/www.future.at\\\/blog\\\/aus-der-kraft-des-herzens\\\/#breadcrumb\"},\"inLanguage\":\"de\",\"potentialAction\":[{\"@type\":\"ReadAction\",\"target\":[\"https:\\\/\\\/www.future.at\\\/blog\\\/aus-der-kraft-des-herzens\\\/\"]}]},{\"@type\":\"ImageObject\",\"inLanguage\":\"de\",\"@id\":\"https:\\\/\\\/www.future.at\\\/blog\\\/aus-der-kraft-des-herzens\\\/#primaryimage\",\"url\":\"https:\\\/\\\/www.future.at\\\/blog\\\/wp-content\\\/uploads\\\/2021\\\/03\\\/30-Jahre-Future-quer.png\",\"contentUrl\":\"https:\\\/\\\/www.future.at\\\/blog\\\/wp-content\\\/uploads\\\/2021\\\/03\\\/30-Jahre-Future-quer.png\",\"width\":1650,\"height\":1020,\"caption\":\"30 jahre future training beratung coaching\"},{\"@type\":\"BreadcrumbList\",\"@id\":\"https:\\\/\\\/www.future.at\\\/blog\\\/aus-der-kraft-des-herzens\\\/#breadcrumb\",\"itemListElement\":[{\"@type\":\"ListItem\",\"position\":1,\"name\":\"Home\",\"item\":\"https:\\\/\\\/www.future.at\\\/blog\\\/\"},{\"@type\":\"ListItem\",\"position\":2,\"name\":\"\u201eAus der Kraft des Herzens kann so viel mehr entstehen\u201c\"}]},{\"@type\":\"WebSite\",\"@id\":\"https:\\\/\\\/www.future.at\\\/blog\\\/#website\",\"url\":\"https:\\\/\\\/www.future.at\\\/blog\\\/\",\"name\":\"FUTURE-Blog\",\"description\":\"Inspiration und Impulse zu Leadership, Coaching, Unternehmenskultur und Erwachsenenbildung \u2013 Finden Sie hier Best Practice Beispiele\",\"publisher\":{\"@id\":\"https:\\\/\\\/www.future.at\\\/blog\\\/#organization\"},\"potentialAction\":[{\"@type\":\"SearchAction\",\"target\":{\"@type\":\"EntryPoint\",\"urlTemplate\":\"https:\\\/\\\/www.future.at\\\/blog\\\/?s={search_term_string}\"},\"query-input\":{\"@type\":\"PropertyValueSpecification\",\"valueRequired\":true,\"valueName\":\"search_term_string\"}}],\"inLanguage\":\"de\"},{\"@type\":\"Organization\",\"@id\":\"https:\\\/\\\/www.future.at\\\/blog\\\/#organization\",\"name\":\"FUTURE Training Beratung Coaching GmbH\",\"url\":\"https:\\\/\\\/www.future.at\\\/blog\\\/\",\"logo\":{\"@type\":\"ImageObject\",\"inLanguage\":\"de\",\"@id\":\"https:\\\/\\\/www.future.at\\\/blog\\\/#\\\/schema\\\/logo\\\/image\\\/\",\"url\":\"https:\\\/\\\/www.future.at\\\/blog\\\/wp-content\\\/uploads\\\/2017\\\/11\\\/FUTURE-Logo-klein-RGB.jpg\",\"contentUrl\":\"https:\\\/\\\/www.future.at\\\/blog\\\/wp-content\\\/uploads\\\/2017\\\/11\\\/FUTURE-Logo-klein-RGB.jpg\",\"width\":500,\"height\":179,\"caption\":\"FUTURE Training Beratung Coaching GmbH\"},\"image\":{\"@id\":\"https:\\\/\\\/www.future.at\\\/blog\\\/#\\\/schema\\\/logo\\\/image\\\/\"},\"sameAs\":[\"https:\\\/\\\/www.facebook.com\\\/FUTURE.at\\\/\",\"https:\\\/\\\/x.com\\\/FUTURE_GmbH\",\"https:\\\/\\\/www.linkedin.com\\\/company\\\/future-coaching-academy-international\\\/\",\"https:\\\/\\\/www.youtube.com\\\/channel\\\/UCzdc9s_FUYJx4_rtNvUYNKQ?view_as=subscriber\"]},{\"@type\":\"Person\",\"@id\":\"https:\\\/\\\/www.future.at\\\/blog\\\/#\\\/schema\\\/person\\\/14456b61750480999b60a06115364788\",\"name\":\"Anita Hu\u00dfl-Arnold\",\"url\":\"https:\\\/\\\/www.future.at\\\/blog\\\/author\\\/anita_hussl-arnold\\\/\"}]}<\/script>\n<!-- \/ Yoast SEO plugin. -->","yoast_head_json":{"title":"\u201eAus der Kraft des Herzens kann so viel mehr entstehen\u201c - FUTURE-Blog","description":"KundInnen teilen ihre Erfahrungen und Begegnungen mit FUTURE \u2013 im Unternehmen und auf pers\u00f6nlicher Ebene. Ein kleiner Einblick in die Wirkung von FUTURE.","robots":{"index":"index","follow":"follow","max-snippet":"max-snippet:-1","max-image-preview":"max-image-preview:large","max-video-preview":"max-video-preview:-1"},"canonical":"https:\/\/www.future.at\/blog\/aus-der-kraft-des-herzens\/","og_locale":"de_DE","og_type":"article","og_title":"\u201eAus der Kraft des Herzens kann so viel mehr entstehen\u201c - FUTURE-Blog","og_description":"KundInnen teilen ihre Erfahrungen und Begegnungen mit FUTURE \u2013 im Unternehmen und auf pers\u00f6nlicher Ebene. Ein kleiner Einblick in die Wirkung von FUTURE.","og_url":"https:\/\/www.future.at\/blog\/aus-der-kraft-des-herzens\/","og_site_name":"FUTURE-Blog","article_publisher":"https:\/\/www.facebook.com\/FUTURE.at\/","article_published_time":"2021-03-18T11:05:52+00:00","article_modified_time":"2021-03-19T09:59:42+00:00","og_image":[{"width":1650,"height":1020,"url":"https:\/\/www.future.at\/blog\/wp-content\/uploads\/2021\/03\/30-Jahre-Future-quer.png","type":"image\/png"}],"author":"Anita Hu\u00dfl-Arnold","twitter_card":"summary_large_image","twitter_creator":"@FUTURE_GmbH","twitter_site":"@FUTURE_GmbH","twitter_misc":{"Verfasst von":"Anita Hu\u00dfl-Arnold","Gesch\u00e4tzte Lesezeit":"8\u00a0Minuten","Written by":"Anita Hu\u00dfl-Arnold"},"schema":{"@context":"https:\/\/schema.org","@graph":[{"@type":"Article","@id":"https:\/\/www.future.at\/blog\/aus-der-kraft-des-herzens\/#article","isPartOf":{"@id":"https:\/\/www.future.at\/blog\/aus-der-kraft-des-herzens\/"},"author":{"name":"Anita Hu\u00dfl-Arnold","@id":"https:\/\/www.future.at\/blog\/#\/schema\/person\/14456b61750480999b60a06115364788"},"headline":"\u201eAus der Kraft des Herzens kann so viel mehr entstehen\u201c","datePublished":"2021-03-18T11:05:52+00:00","dateModified":"2021-03-19T09:59:42+00:00","mainEntityOfPage":{"@id":"https:\/\/www.future.at\/blog\/aus-der-kraft-des-herzens\/"},"wordCount":1580,"commentCount":0,"publisher":{"@id":"https:\/\/www.future.at\/blog\/#organization"},"image":{"@id":"https:\/\/www.future.at\/blog\/aus-der-kraft-des-herzens\/#primaryimage"},"thumbnailUrl":"https:\/\/www.future.at\/blog\/wp-content\/uploads\/2021\/03\/30-Jahre-Future-quer.png","keywords":["coaching","coachingausbildung","Leadership","mensch im mittelpunkt","unternehmensentwicklung"],"articleSection":["Coaching","Leadership","Training"],"inLanguage":"de","potentialAction":[{"@type":"CommentAction","name":"Comment","target":["https:\/\/www.future.at\/blog\/aus-der-kraft-des-herzens\/#respond"]}]},{"@type":"WebPage","@id":"https:\/\/www.future.at\/blog\/aus-der-kraft-des-herzens\/","url":"https:\/\/www.future.at\/blog\/aus-der-kraft-des-herzens\/","name":"\u201eAus der Kraft des Herzens kann so viel mehr entstehen\u201c - FUTURE-Blog","isPartOf":{"@id":"https:\/\/www.future.at\/blog\/#website"},"primaryImageOfPage":{"@id":"https:\/\/www.future.at\/blog\/aus-der-kraft-des-herzens\/#primaryimage"},"image":{"@id":"https:\/\/www.future.at\/blog\/aus-der-kraft-des-herzens\/#primaryimage"},"thumbnailUrl":"https:\/\/www.future.at\/blog\/wp-content\/uploads\/2021\/03\/30-Jahre-Future-quer.png","datePublished":"2021-03-18T11:05:52+00:00","dateModified":"2021-03-19T09:59:42+00:00","description":"KundInnen teilen ihre Erfahrungen und Begegnungen mit FUTURE \u2013 im Unternehmen und auf pers\u00f6nlicher Ebene. Ein kleiner Einblick in die Wirkung von FUTURE.","breadcrumb":{"@id":"https:\/\/www.future.at\/blog\/aus-der-kraft-des-herzens\/#breadcrumb"},"inLanguage":"de","potentialAction":[{"@type":"ReadAction","target":["https:\/\/www.future.at\/blog\/aus-der-kraft-des-herzens\/"]}]},{"@type":"ImageObject","inLanguage":"de","@id":"https:\/\/www.future.at\/blog\/aus-der-kraft-des-herzens\/#primaryimage","url":"https:\/\/www.future.at\/blog\/wp-content\/uploads\/2021\/03\/30-Jahre-Future-quer.png","contentUrl":"https:\/\/www.future.at\/blog\/wp-content\/uploads\/2021\/03\/30-Jahre-Future-quer.png","width":1650,"height":1020,"caption":"30 jahre future training beratung coaching"},{"@type":"BreadcrumbList","@id":"https:\/\/www.future.at\/blog\/aus-der-kraft-des-herzens\/#breadcrumb","itemListElement":[{"@type":"ListItem","position":1,"name":"Home","item":"https:\/\/www.future.at\/blog\/"},{"@type":"ListItem","position":2,"name":"\u201eAus der Kraft des Herzens kann so viel mehr entstehen\u201c"}]},{"@type":"WebSite","@id":"https:\/\/www.future.at\/blog\/#website","url":"https:\/\/www.future.at\/blog\/","name":"FUTURE-Blog","description":"Inspiration und Impulse zu Leadership, Coaching, Unternehmenskultur und Erwachsenenbildung \u2013 Finden Sie hier Best Practice Beispiele","publisher":{"@id":"https:\/\/www.future.at\/blog\/#organization"},"potentialAction":[{"@type":"SearchAction","target":{"@type":"EntryPoint","urlTemplate":"https:\/\/www.future.at\/blog\/?s={search_term_string}"},"query-input":{"@type":"PropertyValueSpecification","valueRequired":true,"valueName":"search_term_string"}}],"inLanguage":"de"},{"@type":"Organization","@id":"https:\/\/www.future.at\/blog\/#organization","name":"FUTURE Training Beratung Coaching GmbH","url":"https:\/\/www.future.at\/blog\/","logo":{"@type":"ImageObject","inLanguage":"de","@id":"https:\/\/www.future.at\/blog\/#\/schema\/logo\/image\/","url":"https:\/\/www.future.at\/blog\/wp-content\/uploads\/2017\/11\/FUTURE-Logo-klein-RGB.jpg","contentUrl":"https:\/\/www.future.at\/blog\/wp-content\/uploads\/2017\/11\/FUTURE-Logo-klein-RGB.jpg","width":500,"height":179,"caption":"FUTURE Training Beratung Coaching GmbH"},"image":{"@id":"https:\/\/www.future.at\/blog\/#\/schema\/logo\/image\/"},"sameAs":["https:\/\/www.facebook.com\/FUTURE.at\/","https:\/\/x.com\/FUTURE_GmbH","https:\/\/www.linkedin.com\/company\/future-coaching-academy-international\/","https:\/\/www.youtube.com\/channel\/UCzdc9s_FUYJx4_rtNvUYNKQ?view_as=subscriber"]},{"@type":"Person","@id":"https:\/\/www.future.at\/blog\/#\/schema\/person\/14456b61750480999b60a06115364788","name":"Anita Hu\u00dfl-Arnold","url":"https:\/\/www.future.at\/blog\/author\/anita_hussl-arnold\/"}]}},"jetpack_featured_media_url":"https:\/\/www.future.at\/blog\/wp-content\/uploads\/2021\/03\/30-Jahre-Future-quer.png","jetpack_shortlink":"https:\/\/wp.me\/p9f2Ut-hZ","jetpack_sharing_enabled":true,"_links":{"self":[{"href":"https:\/\/www.future.at\/blog\/wp-json\/wp\/v2\/posts\/1115","targetHints":{"allow":["GET"]}}],"collection":[{"href":"https:\/\/www.future.at\/blog\/wp-json\/wp\/v2\/posts"}],"about":[{"href":"https:\/\/www.future.at\/blog\/wp-json\/wp\/v2\/types\/post"}],"author":[{"embeddable":true,"href":"https:\/\/www.future.at\/blog\/wp-json\/wp\/v2\/users\/11"}],"replies":[{"embeddable":true,"href":"https:\/\/www.future.at\/blog\/wp-json\/wp\/v2\/comments?post=1115"}],"version-history":[{"count":37,"href":"https:\/\/www.future.at\/blog\/wp-json\/wp\/v2\/posts\/1115\/revisions"}],"predecessor-version":[{"id":1184,"href":"https:\/\/www.future.at\/blog\/wp-json\/wp\/v2\/posts\/1115\/revisions\/1184"}],"wp:featuredmedia":[{"embeddable":true,"href":"https:\/\/www.future.at\/blog\/wp-json\/wp\/v2\/media\/1162"}],"wp:attachment":[{"href":"https:\/\/www.future.at\/blog\/wp-json\/wp\/v2\/media?parent=1115"}],"wp:term":[{"taxonomy":"category","embeddable":true,"href":"https:\/\/www.future.at\/blog\/wp-json\/wp\/v2\/categories?post=1115"},{"taxonomy":"post_tag","embeddable":true,"href":"https:\/\/www.future.at\/blog\/wp-json\/wp\/v2\/tags?post=1115"},{"taxonomy":"author","embeddable":true,"href":"https:\/\/www.future.at\/blog\/wp-json\/wp\/v2\/coauthors?post=1115"}],"curies":[{"name":"wp","href":"https:\/\/api.w.org\/{rel}","templated":true}]}}