
{"id":1995,"date":"2022-03-04T08:20:00","date_gmt":"2022-03-04T07:20:00","guid":{"rendered":"https:\/\/www.future.at\/blog\/?p=1995"},"modified":"2024-01-11T16:40:40","modified_gmt":"2024-01-11T15:40:40","slug":"die-power-des-jaehrlichen-mitarbeiterinnengespraechs","status":"publish","type":"post","link":"https:\/\/www.future.at\/blog\/die-power-des-jaehrlichen-mitarbeiterinnengespraechs\/","title":{"rendered":"Die Power des j\u00e4hrlichen Mitarbeiter*innengespr\u00e4chs!"},"content":{"rendered":"<h2>Was bringt\u2019s wirklich?<\/h2>\n\n\n<br class=\"\u201cclear\u201d\">\n\n\n<p><a href=\"https:\/\/www.future.at\" target=\"_blank\" rel=\"noopener\"><img loading=\"lazy\" decoding=\"async\" class=\"alignleft wp-image-2021 size-medium\" src=\"https:\/\/www.future.at\/blog\/wp-content\/uploads\/2022\/03\/Mitarbeitergespraech-900-x-603-300x201.jpg\" alt=\"\" width=\"300\" height=\"201\" srcset=\"https:\/\/www.future.at\/blog\/wp-content\/uploads\/2022\/03\/Mitarbeitergespraech-900-x-603-300x201.jpg 300w, https:\/\/www.future.at\/blog\/wp-content\/uploads\/2022\/03\/Mitarbeitergespraech-900-x-603-768x515.jpg 768w, https:\/\/www.future.at\/blog\/wp-content\/uploads\/2022\/03\/Mitarbeitergespraech-900-x-603-90x60.jpg 90w, https:\/\/www.future.at\/blog\/wp-content\/uploads\/2022\/03\/Mitarbeitergespraech-900-x-603.jpg 900w\" sizes=\"auto, (max-width: 300px) 100vw, 300px\" \/><\/a>Das j\u00e4hrliche Mitarbeiter*innengespr\u00e4ch kann ein echter Performance-Booster sein, welcher die Motivation f\u00fcr ein ganzes Arbeitsjahr z\u00fcndet. Auf der einen Seite k\u00f6nnen positive Leistungen des Personals anerkannt, gemeinsame Ziele gest\u00e4rkt und die Identifizierung mit der eigenen Aufgabe im Unternehmen gesteigert werden.<\/p>\n\n\n<br class=\"\u201cclear\u201d\">\n\n\n<p>Auf der anderen Seite k\u00f6nnen negative Entwicklungen rechtzeitig erkannt, besprochen und behoben werden. Technisch ausgedr\u00fcckt, ist das j\u00e4hrliche Mitarbeiter*innengespr\u00e4ch wie ein j\u00e4hrlicher rundum T\u00dcV-Service f\u00fcr die Beziehungen und sorgt f\u00fcr einen sanft schnurrenden Motor.<\/p>\n\n\n<br class=\"\u201cclear\u201d\">\n\n\n<p>Damit dieser potenzielle Boost und die Beziehungspflege in die Wirkung kommen, gilt jedoch die Voraussetzung, dass dieses Gespr\u00e4ch richtig gef\u00fchrt wird. H\u00e4ufig wird es von F\u00fchrungskr\u00e4ften und Mitarbeitern gleicherma\u00dfen als ein eher notwendiges \u00dcbel betrachtet und achtlos abgehandelt.<!--more--><\/p>\n\n\n<br class=\"\u201cclear\u201d\">\n\n\n<p>Wenn sich F\u00fchrungskr\u00e4fte jedoch der Chancen bewusst sind, die f\u00fcr ihr Team und die Beziehung zu ihren Mitarbeiter*innen aus dem j\u00e4hrlichen Mitarbeitergespr\u00e4ch erwachsen, werden sie im n\u00e4chsten Schritt leicht Wege finden, es zu realisieren. Daher soll es in diesem Beitrag nicht um das richtige WIE gehen, sondern vor allem um das tieferliegende WARUM. Wir zeigen die wichtigsten Gewinne aus vier Bereichen auf, warum Leader das j\u00e4hrliche Mitarbeitergespr\u00e4ch nutzen sollten &#8211; als ein vielleicht manchmal unscheinbares Tool mit jedoch h\u00e4ufig unwahrscheinlich gro\u00dfer Wirkung.<\/p>\n\n\n<br class=\"\u201cclear\u201d\">\n\n\n<h2>Mitarbeitermotivation steigern:<\/h2>\n<ul>\n<li>Wenn ein Unternehmen f\u00fcr Erfolgserlebnisse seiner Mitarbeiter*innen sorgt, sorgen die Mitarbeiter*innen f\u00fcr den Erfolg des Unternehmenns. Laut einer Studie von Gallup ist st\u00e4rkenorientierte Kommunikation von F\u00fchrungskr\u00e4ften etwa die bei weitem beste Methode, um die Zufriedenheit, Motivation und die Vorgesetzten-Mitarbeiter*innen-Beziehung zu verbessern. Das Mitarbeitergespr\u00e4ch bietet den idealen Rahmen f\u00fcr Kommunikation und das Heben von Erfolgserlebnissen.<\/li>\n<li>F\u00fcr Ihre Mitarbeiter*innen kreiert das Gespr\u00e4ch und die damit verbundene Anerkennung von Engagement weiteres Engagement und f\u00fchrt so zu einem sich wiederholenden positiven Feedbackloop.<\/li>\n<li>Indem Sie Ihren Mitarbeiter*innen Raum und Zeit geben sich mitzuteilen, geben Sie Ihnen Wertsch\u00e4tzung und das Gef\u00fchl gesehen zu werden. Sie finden au\u00dferdem heraus, welche Faktoren Ihre Mitarbeiter*innen im Arbeitsalltag f\u00f6rdern oder hindern, den bestm\u00f6glichen Beitrag zu leisten.<\/li>\n<li>Sie verstehen die Kompetenzen und Potenziale Ihrer Mitarbeiter*innen besser und k\u00f6nnen sie dementsprechend dort einsetzen, wo sie die gr\u00f6\u00dfte Wirkung erzeugen, was wiederum zu mehr Erfolgserlebnissen, Motivation und besserer Performance f\u00fchrt.<\/li>\n<li>In einer Studie der IFBG geben 37.7% der befragten Besch\u00e4ftigten an, nie, fast nie oder selten von ihren Vorgesetzten Feedback zur Qualit\u00e4t ihrer Arbeit zu erhalten, was sich wiederum in Orientierungslosigkeit und geringerer Einsatzbereitschaft ausdr\u00fcckt. Im j\u00e4hrlichen Mitarbeitergespr\u00e4ch stecken Sie einen klaren Rahmen, um Ihren Mitarbeiter*innen ein ausf\u00fchrliches Feedback zu geben, und auch ein Feedback f\u00fcr sich einzufordern.<\/li>\n<\/ul>\n\n\n<figure class=\"wp-block-image size-full\"><img loading=\"lazy\" decoding=\"async\" width=\"1023\" height=\"246\" src=\"https:\/\/www.future.at\/blog\/wp-content\/uploads\/2022\/03\/Zitate_2.jpg\" alt=\"\" class=\"wp-image-2015\" srcset=\"https:\/\/www.future.at\/blog\/wp-content\/uploads\/2022\/03\/Zitate_2.jpg 1023w, https:\/\/www.future.at\/blog\/wp-content\/uploads\/2022\/03\/Zitate_2-300x72.jpg 300w, https:\/\/www.future.at\/blog\/wp-content\/uploads\/2022\/03\/Zitate_2-768x185.jpg 768w\" sizes=\"auto, (max-width: 1023px) 100vw, 1023px\" \/><\/figure>\n\n\n<h2>F\u00fchrungsrolle wahrnehmen:<\/h2>\n<ul>\n<li>Leader sind aktive Beziehungsgestalter. Beziehung passiert ihnen nicht einfach aufs Geratewohl und durch Zufall, sondern wird von ihnen gezielt nach grunds\u00e4tzlich replizierbaren Vorg\u00e4ngen mit w\u00fcnschenswerten Ergebnissen geformt. Das j\u00e4hrliche Mitarbeiter*innen-Gespr\u00e4ch l\u00e4sst sich dabei als eines der verl\u00e4sslichsten Beziehungsgestaltungstools einsetzen.<\/li>\n<li>Jede Beziehung findet einerseits in einer \u00fcberwiegend allt\u00e4glichen Form statt, das Daily Business, vergleichbar mit sich wiederholenden Streckenabschnitten aus geraden Schienen und andererseits in punktuell richtungsweisenden Abschnitten, orientierungsf\u00f6rdernden Kl\u00e4rungsgespr\u00e4chen, vergleichbar mit richtungsgebenden Weichen. F\u00fchrungsrolle wahrnehmen, ist vor allem die Gestaltung dieser Weichen und das j\u00e4hrliche Mitarbeiter*innengespr\u00e4ch ist eine der wichtigsten.<\/li>\n<li>Indem Sie Mitarbeiter*innen zur Kooperation einladen, f\u00f6rdern Sie deren inneren Antrieb, sich auf gemeinsame Ziele einzulassen und gewinnen gleichzeitig Anerkennung f\u00fcr Ihr authentisches Leadership.<\/li>\n<li>Wo F\u00fchrungskr\u00e4fte deutliche Defizite zeigen und ihre Entwicklung vernachl\u00e4ssigen, k\u00fcndigen Mitarbeiter innerlich schnell die Zusammenarbeit, wie diese <a href=\"https:\/\/www.personalwirtschaft.de\/news\/personalentwicklung\/wie-steht-es-um-die-mitarbeiterbindung-in-der-pandemie-96969\/#:~:text=%E2%80%9CDort%2C%20wo%20F%C3%BChrungskr%C3%A4fte%20deutliche%20Defizite,um%E2%80%9D%2C%20erg%C3%A4nzt%20Marco%20Nink.\" target=\"_blank\" rel=\"noopener\">Gallup-Studie<\/a> zeigt. Sie erhalten eine wertvolle Gelegenheit, sich selbst als F\u00fchrungskraft zu reflektieren und bekommen Impulse zur eigenen Weiterentwicklung.<\/li>\n<li>Das Mitarbeiter*innengespr\u00e4ch ist nicht nur produktiv, sondern darf auch richtig Spa\u00df machen! Ein emotionaler Hochmoment der Wertsch\u00e4tzung und gemeinsamen Erfolge, den Sie sich und Ihren Mitarbeiter*innen zuliebe nicht ungenutzt vorbeiziehen lassen sollten.<\/li>\n<li>Das Mitarbeiter*innengespr\u00e4ch ist letztendlich das Mittel, um genau das zu tun, wof\u00fcr Sie als F\u00fchrungskraft da sind: Menschen f\u00fchren, f\u00f6rdern, entwickeln \u2013 damit das Beste im Menschen zur Wirkung kommt.<\/li>\n<\/ul>\n\n\n<figure class=\"wp-block-image size-full\"><img loading=\"lazy\" decoding=\"async\" width=\"1023\" height=\"246\" src=\"https:\/\/www.future.at\/blog\/wp-content\/uploads\/2022\/03\/Zitate_3.jpg\" alt=\"\" class=\"wp-image-2016\" srcset=\"https:\/\/www.future.at\/blog\/wp-content\/uploads\/2022\/03\/Zitate_3.jpg 1023w, https:\/\/www.future.at\/blog\/wp-content\/uploads\/2022\/03\/Zitate_3-300x72.jpg 300w, https:\/\/www.future.at\/blog\/wp-content\/uploads\/2022\/03\/Zitate_3-768x185.jpg 768w\" sizes=\"auto, (max-width: 1023px) 100vw, 1023px\" \/><\/figure>\n\n\n<h2>Unternehmenskultur gestalten:<\/h2>\n<ul>\n<li>Das Mitarbeitergespr\u00e4ch formt die Kultur des Unternehmens ma\u00dfgeblich, indem es einen vertraulichen Rahmen f\u00fcr den Umgang mit Fehlern und dem \u201eWas lernen wir daraus\u201c bietet. 89 % der Besch\u00e4ftigten stufen entgegengebrachtes Vertrauen als wichtig oder sehr wichtig ein bezogen auf ihre Zufriedenheit am Arbeitsplatz (<a href=\"http:\/\/onlinemarketing.de\/karriere\/bueroalltag\/ruckblick-arbeitsjahr-2021-glucklich-angestellte-arbeitsplatz\" target=\"_blank\" rel=\"noopener\">appinio-Studie<\/a>) . \u00dcber Fehler sprechen k\u00f6nnen, hei\u00dft letztlich Fehler beheben k\u00f6nnen.<\/li>\n<li>Menschen, die sich gesehen f\u00fchlen und sich einbringen bzw. ausdr\u00fccken d\u00fcrfen, f\u00fchlen sich im Beruf an ihrer pers\u00f6nlichen Z\u00fcndschnur, identifizieren sich mit ihrem Unternehmen und seiner Kultur. Das Mitarbeiter*innengespr\u00e4ch f\u00f6rdert eine Kultur mit ungleich h\u00f6herer Einsatzbereitschaft.<\/li>\n<li>Wenn eine solide Beziehungsebene besteht, lassen sich Probleme auf der Sachebene leichter l\u00f6sen. Ein gut strukturiertes Gespr\u00e4ch gibt Raum f\u00fcr beide Ebenen: Die Sach- und die Beziehungsebene, f\u00fcr L\u00f6sung und ein Miteinander, welches \u00fcber das Gespr\u00e4ch hinaus in die Unternehmenskultur hineinwirkt.<\/li>\n<\/ul>\n\n\n<figure class=\"wp-block-image size-full\"><img loading=\"lazy\" decoding=\"async\" width=\"1023\" height=\"246\" src=\"https:\/\/www.future.at\/blog\/wp-content\/uploads\/2022\/03\/Zitate_1.jpg\" alt=\"\" class=\"wp-image-2014\" srcset=\"https:\/\/www.future.at\/blog\/wp-content\/uploads\/2022\/03\/Zitate_1.jpg 1023w, https:\/\/www.future.at\/blog\/wp-content\/uploads\/2022\/03\/Zitate_1-300x72.jpg 300w, https:\/\/www.future.at\/blog\/wp-content\/uploads\/2022\/03\/Zitate_1-768x185.jpg 768w\" sizes=\"auto, (max-width: 1023px) 100vw, 1023px\" \/><\/figure>\n\n\n<h2>Unternehmenserfolg sichern:<\/h2>\n<ul>\n<li>Letztlich dient das Mitarbeitergespr\u00e4ch dem Unternehmenserfolg, und weiche Faktoren \u00fcbertragen sich in harte Kennzahlen. F\u00fchrungskr\u00e4fte, die sich der Aufgaben ihrer Mitarbeiter*innen bewusst sind und Mitarbeiter*innen, die ein klares Verst\u00e4ndnis ihrer Vorgesetzten haben, k\u00f6nnen gemeinsam kongruente Ziele stecken und ungleich effektiver erreichen.<\/li>\n<li>Durch das offene Ohr und offene Herz f\u00fcr die Mitarbeiter*innen haben Leader auch ein besseres Geh\u00f6r f\u00fcr die Geschehnisse der Zeit und k\u00f6nnen Ver\u00e4nderungen des Marktes schneller erfassen, die den Arbeitsbereich Ihrer Mitarbeiter*innen betreffen. Ein aktuelles Beispiel hierf\u00fcr ist etwa die Entwicklungen rund ums hybride Arbeiten zu erkennen und vorteilhaft darauf zu reagieren. Remote Work wird laut <a href=\"http:\/\/www.com-magazin.de\/news\/business-it\/gitlab-veroeffentlicht-bericht-zu-remote-arbeit-2633049.html\" target=\"_blank\" rel=\"noopener\">GitLab-Studie<\/a> immer mehr zu einer Kernkompetenz f\u00fcr Unternehmen. 74 % der Befragten wollen &#8222;vermutlich&#8220; bis &#8222;sehr wahrscheinlich&#8220; bei ihrer\/ihrem aktuellen Arbeitgeber*in verbleiben, weil diese\/dieser Remote Arbeit anbietet.<\/li>\n<li>Und schlie\u00dflich stecken Sie im Mitarbeiter*innengespr\u00e4ch gegenseitig Erwartungen ab, verbessern Ihr Verh\u00e4ltnis zueinander durch mehr Transparenz und finden vielleicht ganz neue L\u00f6sungen und Verbesserungen f\u00fcr Ihre individuelle Situation, auf die wir hier in diesem Beitrag selbst nicht gekommen w\u00e4ren.<\/li>\n<\/ul>\n\n\n<figure class=\"wp-block-image size-full\"><img loading=\"lazy\" decoding=\"async\" width=\"1023\" height=\"246\" src=\"https:\/\/www.future.at\/blog\/wp-content\/uploads\/2022\/03\/Zitate_4.jpg\" alt=\"\" class=\"wp-image-2017\" srcset=\"https:\/\/www.future.at\/blog\/wp-content\/uploads\/2022\/03\/Zitate_4.jpg 1023w, https:\/\/www.future.at\/blog\/wp-content\/uploads\/2022\/03\/Zitate_4-300x72.jpg 300w, https:\/\/www.future.at\/blog\/wp-content\/uploads\/2022\/03\/Zitate_4-768x185.jpg 768w\" sizes=\"auto, (max-width: 1023px) 100vw, 1023px\" \/><\/figure>\n\n\n<p>Letztlich sind das j\u00e4hrliche Mitarbeiter*innengespr\u00e4ch und die daraus resultierenden Gewinne so individuell wie Ihr Betrieb. Sicher ist, dass es Ihnen ein enormes Potenzial bietet, das vielleicht manchmal \u00fcbersehen wird, weil es so subtil daherkommt und dem Mitarbeiter*innengespr\u00e4ch nicht gerade das Flair einer Weltneuheit anhaftet. Wir m\u00f6chten Sie aber umso mehr ermutigen, es bewusst zu erw\u00e4gen, einzusetzen und zu gestalten. Dann kann daraus im Kleinen wirklich jedes Mal eine neue Welt aufsteigen. Also reden Sie dar\u00fcber mit Ihren Mitarbeiter*innen. Z\u00fcnden Sie den Boost. Einmal j\u00e4hrlich. <\/p>\n<\/p>\n\n\n<br class=\"\u201cclear\u201d\">\n\n\n<figure id=\"attachment_1068\" aria-describedby=\"caption-attachment-1068\" style=\"width: 150px\" class=\"wp-caption alignleft\"><a href=\"https:\/\/www.future.at\/team\/trainer\/susanne-plaschka\/\"><img loading=\"lazy\" decoding=\"async\" class=\"wp-image-1068 size-thumbnail\" src=\"https:\/\/www.future.at\/blog\/wp-content\/uploads\/2020\/07\/Susanne_Plaschka-Profil-150x150.jpg\" alt=\"future trainer coach susanne plaschka\" width=\"150\" height=\"150\" srcset=\"https:\/\/www.future.at\/blog\/wp-content\/uploads\/2020\/07\/Susanne_Plaschka-Profil-150x150.jpg 150w, https:\/\/www.future.at\/blog\/wp-content\/uploads\/2020\/07\/Susanne_Plaschka-Profil-300x300.jpg 300w, https:\/\/www.future.at\/blog\/wp-content\/uploads\/2020\/07\/Susanne_Plaschka-Profil.jpg 420w\" sizes=\"auto, (max-width: 150px) 100vw, 150px\" \/><\/a><figcaption id=\"caption-attachment-1068\" class=\"wp-caption-text\">Susanne Plaschka<\/figcaption><\/figure>\n<p><strong>Kann FUTURE f\u00fcr die Vorbereitung Ihres Mitarbeiter*innengespr\u00e4chs der richtige Partner sein?<\/strong> Seit \u00fcber 30 Jahren begleiten wir Menschen und Unternehmen in ihrer Entwicklung zu einem kraftvollen Miteinander. Gerne auch Sie und Ihre Organisation. Wenn Sie mehr erfahren m\u00f6chten, freuen wir uns, wenn Sie mit uns in <a href=\"https:\/\/www.future.at\/beratungsgespraech\/\" target=\"_blank\" rel=\"noopener\">Kontakt<\/a> gehen.<\/p>\n<p>Ma\u00dfgeschneidert auf ihre Bed\u00fcrfnisse bieten wir das zweit\u00e4gige Training &#8222;Das j\u00e4hrliche Mitarbeiter*innengespr\u00e4ch&#8220; gerne f\u00fcr Sie inhouse in Ihrem Unternehmen an. <\/p>\n<p>Und f\u00fcr Leader sich in Ihrer F\u00fchrungsrolle professionell weiterentwickeln m\u00f6chten gibt es das <a href=\"https:\/\/www.future.at\/training\/leadership-akademie\/future-leadership-training\/\" target=\"_blank\" rel=\"noopener\">FUTURE-Leadership Training<\/a>. Die Inhalte und Starttermine finden Sie <a href=\"https:\/\/www.future.at\/training\/leadership-akademie\/future-leadership-training\/\" target=\"_blank\" rel=\"noopener\">hier<\/a>!<\/p>","protected":false},"excerpt":{"rendered":"<p>Was bringt\u2019s wirklich? Das j\u00e4hrliche Mitarbeiter*innengespr\u00e4ch kann ein echter Performance-Booster sein, welcher die Motivation f\u00fcr ein ganzes Arbeitsjahr z\u00fcndet. Auf &hellip; <\/p>\n<p class=\"link-more\"><a href=\"https:\/\/www.future.at\/blog\/die-power-des-jaehrlichen-mitarbeiterinnengespraechs\/\" class=\"more-link\">Weiterlesen<span class=\"screen-reader-text\"> &#8222;Die Power des j\u00e4hrlichen Mitarbeiter*innengespr\u00e4chs!&#8220;<\/span><\/a><\/p>\n","protected":false},"author":21,"featured_media":2021,"comment_status":"open","ping_status":"closed","sticky":false,"template":"","format":"standard","meta":{"jetpack_post_was_ever_published":false,"_jetpack_newsletter_access":"","_jetpack_dont_email_post_to_subs":false,"_jetpack_newsletter_tier_id":0,"_jetpack_memberships_contains_paywalled_content":false,"_jetpack_memberships_contains_paid_content":false,"footnotes":""},"categories":[9],"tags":[14,15,283,197,10],"coauthors":[336],"class_list":["post-1995","post","type-post","status-publish","format-standard","has-post-thumbnail","hentry","category-leadership","tag-feedback","tag-feedbackgespraech","tag-feedbackkultur","tag-mitarbeiterfuehrung","tag-mitarbeitergespraech"],"yoast_head":"<!-- This site is optimized with the Yoast SEO plugin v27.5 - https:\/\/yoast.com\/product\/yoast-seo-wordpress\/ -->\n<title>Die Power des j\u00e4hrlichen Mitarbeiter*innengespr\u00e4chs! - FUTURE-Blog<\/title>\n<meta name=\"description\" content=\"Das Mitarbeiter*innengespr\u00e4ch als Performance-Booster f\u00fcr Motivation, Leadership und Unternehmenskultur.\" \/>\n<meta name=\"robots\" content=\"index, follow, max-snippet:-1, max-image-preview:large, max-video-preview:-1\" \/>\n<link rel=\"canonical\" href=\"https:\/\/www.future.at\/blog\/die-power-des-jaehrlichen-mitarbeiterinnengespraechs\/\" \/>\n<meta property=\"og:locale\" content=\"de_DE\" \/>\n<meta property=\"og:type\" content=\"article\" \/>\n<meta property=\"og:title\" content=\"Die Power des j\u00e4hrlichen Mitarbeiter*innengespr\u00e4chs! - FUTURE-Blog\" \/>\n<meta property=\"og:description\" content=\"Das Mitarbeiter*innengespr\u00e4ch als Performance-Booster f\u00fcr Motivation, Leadership und Unternehmenskultur.\" \/>\n<meta property=\"og:url\" content=\"https:\/\/www.future.at\/blog\/die-power-des-jaehrlichen-mitarbeiterinnengespraechs\/\" \/>\n<meta property=\"og:site_name\" content=\"FUTURE-Blog\" \/>\n<meta property=\"article:publisher\" content=\"https:\/\/www.facebook.com\/FUTURE.at\/\" \/>\n<meta property=\"article:published_time\" content=\"2022-03-04T07:20:00+00:00\" \/>\n<meta property=\"article:modified_time\" content=\"2024-01-11T15:40:40+00:00\" \/>\n<meta property=\"og:image\" content=\"https:\/\/www.future.at\/blog\/wp-content\/uploads\/2022\/03\/Mitarbeitergespraech-900-x-603.jpg\" \/>\n\t<meta property=\"og:image:width\" content=\"900\" \/>\n\t<meta property=\"og:image:height\" content=\"603\" \/>\n\t<meta property=\"og:image:type\" content=\"image\/jpeg\" \/>\n<meta name=\"author\" content=\"Susanne Plaschka\" \/>\n<meta name=\"twitter:card\" content=\"summary_large_image\" \/>\n<meta name=\"twitter:creator\" content=\"@FUTURE_GmbH\" \/>\n<meta name=\"twitter:site\" content=\"@FUTURE_GmbH\" \/>\n<meta name=\"twitter:label1\" content=\"Verfasst von\" \/>\n\t<meta name=\"twitter:data1\" content=\"Susanne Plaschka\" \/>\n\t<meta name=\"twitter:label2\" content=\"Gesch\u00e4tzte Lesezeit\" \/>\n\t<meta name=\"twitter:data2\" content=\"8\u00a0Minuten\" \/>\n\t<meta name=\"twitter:label3\" content=\"Written by\" \/>\n\t<meta name=\"twitter:data3\" content=\"Susanne Plaschka\" \/>\n<script type=\"application\/ld+json\" class=\"yoast-schema-graph\">{\"@context\":\"https:\\\/\\\/schema.org\",\"@graph\":[{\"@type\":\"Article\",\"@id\":\"https:\\\/\\\/www.future.at\\\/blog\\\/die-power-des-jaehrlichen-mitarbeiterinnengespraechs\\\/#article\",\"isPartOf\":{\"@id\":\"https:\\\/\\\/www.future.at\\\/blog\\\/die-power-des-jaehrlichen-mitarbeiterinnengespraechs\\\/\"},\"author\":{\"name\":\"Susanne Plaschka\",\"@id\":\"https:\\\/\\\/www.future.at\\\/blog\\\/#\\\/schema\\\/person\\\/0eced39c12715b94ae80bd0b8f312f65\"},\"headline\":\"Die Power des j\u00e4hrlichen Mitarbeiter*innengespr\u00e4chs!\",\"datePublished\":\"2022-03-04T07:20:00+00:00\",\"dateModified\":\"2024-01-11T15:40:40+00:00\",\"mainEntityOfPage\":{\"@id\":\"https:\\\/\\\/www.future.at\\\/blog\\\/die-power-des-jaehrlichen-mitarbeiterinnengespraechs\\\/\"},\"wordCount\":1276,\"commentCount\":0,\"publisher\":{\"@id\":\"https:\\\/\\\/www.future.at\\\/blog\\\/#organization\"},\"image\":{\"@id\":\"https:\\\/\\\/www.future.at\\\/blog\\\/die-power-des-jaehrlichen-mitarbeiterinnengespraechs\\\/#primaryimage\"},\"thumbnailUrl\":\"https:\\\/\\\/www.future.at\\\/blog\\\/wp-content\\\/uploads\\\/2022\\\/03\\\/Mitarbeitergespraech-900-x-603.jpg\",\"keywords\":[\"Feedback\",\"Feedbackgespr\u00e4ch\",\"feedbackkultur\",\"mitarbeiterf\u00fchrung\",\"Mitarbeitergespr\u00e4ch\"],\"articleSection\":[\"Leadership\"],\"inLanguage\":\"de\",\"potentialAction\":[{\"@type\":\"CommentAction\",\"name\":\"Comment\",\"target\":[\"https:\\\/\\\/www.future.at\\\/blog\\\/die-power-des-jaehrlichen-mitarbeiterinnengespraechs\\\/#respond\"]}]},{\"@type\":\"WebPage\",\"@id\":\"https:\\\/\\\/www.future.at\\\/blog\\\/die-power-des-jaehrlichen-mitarbeiterinnengespraechs\\\/\",\"url\":\"https:\\\/\\\/www.future.at\\\/blog\\\/die-power-des-jaehrlichen-mitarbeiterinnengespraechs\\\/\",\"name\":\"Die Power des j\u00e4hrlichen Mitarbeiter*innengespr\u00e4chs! - FUTURE-Blog\",\"isPartOf\":{\"@id\":\"https:\\\/\\\/www.future.at\\\/blog\\\/#website\"},\"primaryImageOfPage\":{\"@id\":\"https:\\\/\\\/www.future.at\\\/blog\\\/die-power-des-jaehrlichen-mitarbeiterinnengespraechs\\\/#primaryimage\"},\"image\":{\"@id\":\"https:\\\/\\\/www.future.at\\\/blog\\\/die-power-des-jaehrlichen-mitarbeiterinnengespraechs\\\/#primaryimage\"},\"thumbnailUrl\":\"https:\\\/\\\/www.future.at\\\/blog\\\/wp-content\\\/uploads\\\/2022\\\/03\\\/Mitarbeitergespraech-900-x-603.jpg\",\"datePublished\":\"2022-03-04T07:20:00+00:00\",\"dateModified\":\"2024-01-11T15:40:40+00:00\",\"description\":\"Das Mitarbeiter*innengespr\u00e4ch als Performance-Booster f\u00fcr Motivation, Leadership und Unternehmenskultur.\",\"breadcrumb\":{\"@id\":\"https:\\\/\\\/www.future.at\\\/blog\\\/die-power-des-jaehrlichen-mitarbeiterinnengespraechs\\\/#breadcrumb\"},\"inLanguage\":\"de\",\"potentialAction\":[{\"@type\":\"ReadAction\",\"target\":[\"https:\\\/\\\/www.future.at\\\/blog\\\/die-power-des-jaehrlichen-mitarbeiterinnengespraechs\\\/\"]}]},{\"@type\":\"ImageObject\",\"inLanguage\":\"de\",\"@id\":\"https:\\\/\\\/www.future.at\\\/blog\\\/die-power-des-jaehrlichen-mitarbeiterinnengespraechs\\\/#primaryimage\",\"url\":\"https:\\\/\\\/www.future.at\\\/blog\\\/wp-content\\\/uploads\\\/2022\\\/03\\\/Mitarbeitergespraech-900-x-603.jpg\",\"contentUrl\":\"https:\\\/\\\/www.future.at\\\/blog\\\/wp-content\\\/uploads\\\/2022\\\/03\\\/Mitarbeitergespraech-900-x-603.jpg\",\"width\":900,\"height\":603},{\"@type\":\"BreadcrumbList\",\"@id\":\"https:\\\/\\\/www.future.at\\\/blog\\\/die-power-des-jaehrlichen-mitarbeiterinnengespraechs\\\/#breadcrumb\",\"itemListElement\":[{\"@type\":\"ListItem\",\"position\":1,\"name\":\"Home\",\"item\":\"https:\\\/\\\/www.future.at\\\/blog\\\/\"},{\"@type\":\"ListItem\",\"position\":2,\"name\":\"Die Power des j\u00e4hrlichen Mitarbeiter*innengespr\u00e4chs!\"}]},{\"@type\":\"WebSite\",\"@id\":\"https:\\\/\\\/www.future.at\\\/blog\\\/#website\",\"url\":\"https:\\\/\\\/www.future.at\\\/blog\\\/\",\"name\":\"FUTURE-Blog\",\"description\":\"Inspiration und Impulse zu Leadership, Coaching, Unternehmenskultur und Erwachsenenbildung \u2013 Finden Sie hier Best Practice Beispiele\",\"publisher\":{\"@id\":\"https:\\\/\\\/www.future.at\\\/blog\\\/#organization\"},\"potentialAction\":[{\"@type\":\"SearchAction\",\"target\":{\"@type\":\"EntryPoint\",\"urlTemplate\":\"https:\\\/\\\/www.future.at\\\/blog\\\/?s={search_term_string}\"},\"query-input\":{\"@type\":\"PropertyValueSpecification\",\"valueRequired\":true,\"valueName\":\"search_term_string\"}}],\"inLanguage\":\"de\"},{\"@type\":\"Organization\",\"@id\":\"https:\\\/\\\/www.future.at\\\/blog\\\/#organization\",\"name\":\"FUTURE Training Beratung Coaching GmbH\",\"url\":\"https:\\\/\\\/www.future.at\\\/blog\\\/\",\"logo\":{\"@type\":\"ImageObject\",\"inLanguage\":\"de\",\"@id\":\"https:\\\/\\\/www.future.at\\\/blog\\\/#\\\/schema\\\/logo\\\/image\\\/\",\"url\":\"https:\\\/\\\/www.future.at\\\/blog\\\/wp-content\\\/uploads\\\/2017\\\/11\\\/FUTURE-Logo-klein-RGB.jpg\",\"contentUrl\":\"https:\\\/\\\/www.future.at\\\/blog\\\/wp-content\\\/uploads\\\/2017\\\/11\\\/FUTURE-Logo-klein-RGB.jpg\",\"width\":500,\"height\":179,\"caption\":\"FUTURE Training Beratung Coaching GmbH\"},\"image\":{\"@id\":\"https:\\\/\\\/www.future.at\\\/blog\\\/#\\\/schema\\\/logo\\\/image\\\/\"},\"sameAs\":[\"https:\\\/\\\/www.facebook.com\\\/FUTURE.at\\\/\",\"https:\\\/\\\/x.com\\\/FUTURE_GmbH\",\"https:\\\/\\\/www.linkedin.com\\\/company\\\/future-coaching-academy-international\\\/\",\"https:\\\/\\\/www.youtube.com\\\/channel\\\/UCzdc9s_FUYJx4_rtNvUYNKQ?view_as=subscriber\"]},{\"@type\":\"Person\",\"@id\":\"https:\\\/\\\/www.future.at\\\/blog\\\/#\\\/schema\\\/person\\\/0eced39c12715b94ae80bd0b8f312f65\",\"name\":\"Susanne Plaschka\",\"sameAs\":[\"https:\\\/\\\/www.future.at\\\/team\\\/trainer\\\/susanne-plaschka\\\/\"],\"url\":\"https:\\\/\\\/www.future.at\\\/blog\\\/author\\\/susanne_plaschka\\\/\"}]}<\/script>\n<!-- \/ Yoast SEO plugin. -->","yoast_head_json":{"title":"Die Power des j\u00e4hrlichen Mitarbeiter*innengespr\u00e4chs! - FUTURE-Blog","description":"Das Mitarbeiter*innengespr\u00e4ch als Performance-Booster f\u00fcr Motivation, Leadership und Unternehmenskultur.","robots":{"index":"index","follow":"follow","max-snippet":"max-snippet:-1","max-image-preview":"max-image-preview:large","max-video-preview":"max-video-preview:-1"},"canonical":"https:\/\/www.future.at\/blog\/die-power-des-jaehrlichen-mitarbeiterinnengespraechs\/","og_locale":"de_DE","og_type":"article","og_title":"Die Power des j\u00e4hrlichen Mitarbeiter*innengespr\u00e4chs! - FUTURE-Blog","og_description":"Das Mitarbeiter*innengespr\u00e4ch als Performance-Booster f\u00fcr Motivation, Leadership und Unternehmenskultur.","og_url":"https:\/\/www.future.at\/blog\/die-power-des-jaehrlichen-mitarbeiterinnengespraechs\/","og_site_name":"FUTURE-Blog","article_publisher":"https:\/\/www.facebook.com\/FUTURE.at\/","article_published_time":"2022-03-04T07:20:00+00:00","article_modified_time":"2024-01-11T15:40:40+00:00","og_image":[{"width":900,"height":603,"url":"https:\/\/www.future.at\/blog\/wp-content\/uploads\/2022\/03\/Mitarbeitergespraech-900-x-603.jpg","type":"image\/jpeg"}],"author":"Susanne Plaschka","twitter_card":"summary_large_image","twitter_creator":"@FUTURE_GmbH","twitter_site":"@FUTURE_GmbH","twitter_misc":{"Verfasst von":"Susanne Plaschka","Gesch\u00e4tzte Lesezeit":"8\u00a0Minuten","Written by":"Susanne Plaschka"},"schema":{"@context":"https:\/\/schema.org","@graph":[{"@type":"Article","@id":"https:\/\/www.future.at\/blog\/die-power-des-jaehrlichen-mitarbeiterinnengespraechs\/#article","isPartOf":{"@id":"https:\/\/www.future.at\/blog\/die-power-des-jaehrlichen-mitarbeiterinnengespraechs\/"},"author":{"name":"Susanne Plaschka","@id":"https:\/\/www.future.at\/blog\/#\/schema\/person\/0eced39c12715b94ae80bd0b8f312f65"},"headline":"Die Power des j\u00e4hrlichen Mitarbeiter*innengespr\u00e4chs!","datePublished":"2022-03-04T07:20:00+00:00","dateModified":"2024-01-11T15:40:40+00:00","mainEntityOfPage":{"@id":"https:\/\/www.future.at\/blog\/die-power-des-jaehrlichen-mitarbeiterinnengespraechs\/"},"wordCount":1276,"commentCount":0,"publisher":{"@id":"https:\/\/www.future.at\/blog\/#organization"},"image":{"@id":"https:\/\/www.future.at\/blog\/die-power-des-jaehrlichen-mitarbeiterinnengespraechs\/#primaryimage"},"thumbnailUrl":"https:\/\/www.future.at\/blog\/wp-content\/uploads\/2022\/03\/Mitarbeitergespraech-900-x-603.jpg","keywords":["Feedback","Feedbackgespr\u00e4ch","feedbackkultur","mitarbeiterf\u00fchrung","Mitarbeitergespr\u00e4ch"],"articleSection":["Leadership"],"inLanguage":"de","potentialAction":[{"@type":"CommentAction","name":"Comment","target":["https:\/\/www.future.at\/blog\/die-power-des-jaehrlichen-mitarbeiterinnengespraechs\/#respond"]}]},{"@type":"WebPage","@id":"https:\/\/www.future.at\/blog\/die-power-des-jaehrlichen-mitarbeiterinnengespraechs\/","url":"https:\/\/www.future.at\/blog\/die-power-des-jaehrlichen-mitarbeiterinnengespraechs\/","name":"Die Power des j\u00e4hrlichen Mitarbeiter*innengespr\u00e4chs! - FUTURE-Blog","isPartOf":{"@id":"https:\/\/www.future.at\/blog\/#website"},"primaryImageOfPage":{"@id":"https:\/\/www.future.at\/blog\/die-power-des-jaehrlichen-mitarbeiterinnengespraechs\/#primaryimage"},"image":{"@id":"https:\/\/www.future.at\/blog\/die-power-des-jaehrlichen-mitarbeiterinnengespraechs\/#primaryimage"},"thumbnailUrl":"https:\/\/www.future.at\/blog\/wp-content\/uploads\/2022\/03\/Mitarbeitergespraech-900-x-603.jpg","datePublished":"2022-03-04T07:20:00+00:00","dateModified":"2024-01-11T15:40:40+00:00","description":"Das Mitarbeiter*innengespr\u00e4ch als Performance-Booster f\u00fcr Motivation, Leadership und Unternehmenskultur.","breadcrumb":{"@id":"https:\/\/www.future.at\/blog\/die-power-des-jaehrlichen-mitarbeiterinnengespraechs\/#breadcrumb"},"inLanguage":"de","potentialAction":[{"@type":"ReadAction","target":["https:\/\/www.future.at\/blog\/die-power-des-jaehrlichen-mitarbeiterinnengespraechs\/"]}]},{"@type":"ImageObject","inLanguage":"de","@id":"https:\/\/www.future.at\/blog\/die-power-des-jaehrlichen-mitarbeiterinnengespraechs\/#primaryimage","url":"https:\/\/www.future.at\/blog\/wp-content\/uploads\/2022\/03\/Mitarbeitergespraech-900-x-603.jpg","contentUrl":"https:\/\/www.future.at\/blog\/wp-content\/uploads\/2022\/03\/Mitarbeitergespraech-900-x-603.jpg","width":900,"height":603},{"@type":"BreadcrumbList","@id":"https:\/\/www.future.at\/blog\/die-power-des-jaehrlichen-mitarbeiterinnengespraechs\/#breadcrumb","itemListElement":[{"@type":"ListItem","position":1,"name":"Home","item":"https:\/\/www.future.at\/blog\/"},{"@type":"ListItem","position":2,"name":"Die Power des j\u00e4hrlichen Mitarbeiter*innengespr\u00e4chs!"}]},{"@type":"WebSite","@id":"https:\/\/www.future.at\/blog\/#website","url":"https:\/\/www.future.at\/blog\/","name":"FUTURE-Blog","description":"Inspiration und Impulse zu Leadership, Coaching, Unternehmenskultur und Erwachsenenbildung \u2013 Finden Sie hier Best Practice Beispiele","publisher":{"@id":"https:\/\/www.future.at\/blog\/#organization"},"potentialAction":[{"@type":"SearchAction","target":{"@type":"EntryPoint","urlTemplate":"https:\/\/www.future.at\/blog\/?s={search_term_string}"},"query-input":{"@type":"PropertyValueSpecification","valueRequired":true,"valueName":"search_term_string"}}],"inLanguage":"de"},{"@type":"Organization","@id":"https:\/\/www.future.at\/blog\/#organization","name":"FUTURE Training Beratung Coaching GmbH","url":"https:\/\/www.future.at\/blog\/","logo":{"@type":"ImageObject","inLanguage":"de","@id":"https:\/\/www.future.at\/blog\/#\/schema\/logo\/image\/","url":"https:\/\/www.future.at\/blog\/wp-content\/uploads\/2017\/11\/FUTURE-Logo-klein-RGB.jpg","contentUrl":"https:\/\/www.future.at\/blog\/wp-content\/uploads\/2017\/11\/FUTURE-Logo-klein-RGB.jpg","width":500,"height":179,"caption":"FUTURE Training Beratung Coaching GmbH"},"image":{"@id":"https:\/\/www.future.at\/blog\/#\/schema\/logo\/image\/"},"sameAs":["https:\/\/www.facebook.com\/FUTURE.at\/","https:\/\/x.com\/FUTURE_GmbH","https:\/\/www.linkedin.com\/company\/future-coaching-academy-international\/","https:\/\/www.youtube.com\/channel\/UCzdc9s_FUYJx4_rtNvUYNKQ?view_as=subscriber"]},{"@type":"Person","@id":"https:\/\/www.future.at\/blog\/#\/schema\/person\/0eced39c12715b94ae80bd0b8f312f65","name":"Susanne Plaschka","sameAs":["https:\/\/www.future.at\/team\/trainer\/susanne-plaschka\/"],"url":"https:\/\/www.future.at\/blog\/author\/susanne_plaschka\/"}]}},"jetpack_featured_media_url":"https:\/\/www.future.at\/blog\/wp-content\/uploads\/2022\/03\/Mitarbeitergespraech-900-x-603.jpg","jetpack_shortlink":"https:\/\/wp.me\/p9f2Ut-wb","jetpack_sharing_enabled":true,"_links":{"self":[{"href":"https:\/\/www.future.at\/blog\/wp-json\/wp\/v2\/posts\/1995","targetHints":{"allow":["GET"]}}],"collection":[{"href":"https:\/\/www.future.at\/blog\/wp-json\/wp\/v2\/posts"}],"about":[{"href":"https:\/\/www.future.at\/blog\/wp-json\/wp\/v2\/types\/post"}],"author":[{"embeddable":true,"href":"https:\/\/www.future.at\/blog\/wp-json\/wp\/v2\/users\/21"}],"replies":[{"embeddable":true,"href":"https:\/\/www.future.at\/blog\/wp-json\/wp\/v2\/comments?post=1995"}],"version-history":[{"count":36,"href":"https:\/\/www.future.at\/blog\/wp-json\/wp\/v2\/posts\/1995\/revisions"}],"predecessor-version":[{"id":2821,"href":"https:\/\/www.future.at\/blog\/wp-json\/wp\/v2\/posts\/1995\/revisions\/2821"}],"wp:featuredmedia":[{"embeddable":true,"href":"https:\/\/www.future.at\/blog\/wp-json\/wp\/v2\/media\/2021"}],"wp:attachment":[{"href":"https:\/\/www.future.at\/blog\/wp-json\/wp\/v2\/media?parent=1995"}],"wp:term":[{"taxonomy":"category","embeddable":true,"href":"https:\/\/www.future.at\/blog\/wp-json\/wp\/v2\/categories?post=1995"},{"taxonomy":"post_tag","embeddable":true,"href":"https:\/\/www.future.at\/blog\/wp-json\/wp\/v2\/tags?post=1995"},{"taxonomy":"author","embeddable":true,"href":"https:\/\/www.future.at\/blog\/wp-json\/wp\/v2\/coauthors?post=1995"}],"curies":[{"name":"wp","href":"https:\/\/api.w.org\/{rel}","templated":true}]}}