
{"id":2955,"date":"2024-05-26T08:15:00","date_gmt":"2024-05-26T06:15:00","guid":{"rendered":"https:\/\/www.future.at\/blog\/?p=2955"},"modified":"2024-05-28T09:18:30","modified_gmt":"2024-05-28T07:18:30","slug":"wenn-der-chef-ploetzlich-coach-ist","status":"publish","type":"post","link":"https:\/\/www.future.at\/blog\/wenn-der-chef-ploetzlich-coach-ist\/","title":{"rendered":"Wenn der Chef pl\u00f6tzlich Coach ist"},"content":{"rendered":"\n<br class=\"\u201cclear\u201d\">\n\n\n<h2><strong>Welche 3 Coaching-Kompetenzen sich Mitarbeitende von F\u00fchrungskr\u00e4ften w\u00fcnschen und wie das Unternehmen davon profitiert.<\/strong><\/h2>\n<p><img loading=\"lazy\" decoding=\"async\" class=\"size-thumbnail wp-image-2984 alignleft\" src=\"https:\/\/www.future.at\/blog\/wp-content\/uploads\/2024\/05\/Blogbild-Coachingkompetenz-1-150x150.jpg\" alt=\"\" width=\"150\" height=\"150\" \/>Wei\u00dft du, welche Frage ich am h\u00e4ufigsten h\u00f6re, wenn ich von unserem Trainingsangebot \u201e<a href=\"https:\/\/www.future.at\/training\/leadership-akademie\/coaching-kompetenz-fuer-fuehrungskraefte\/\" target=\"_blank\" rel=\"noopener\">Coaching-Kompetenz f\u00fcr F\u00fchrungskr\u00e4fte<\/a>\u201c erz\u00e4hle?<\/p>\n<p><!--more--><\/p>\n\n\n<br class=\"\u201cclear\u201d\">\n\n\n\n<p><\/p>\n\n\n\n<p><em>\u201eWow, super! Kann ich meinen Chef da hinschicken?\u201c<\/em><\/p>\n\n\n\n<p>Auf meine Gegenfrage, ob der Chef denn Interesse h\u00e4tte und teilnehmen w\u00fcrde, folgt dann oft ein entt\u00e4uschtes: <em>\u201eNein, das w\u00fcrde er nie machen.\u201c<\/em><\/p>\n\n\n\n<br class=\"\u201cclear\u201d\">\n\n\n\n<p>Liebe F\u00fchrungskr\u00e4fte, wie seht ihr das: Glaubt ihr, mehr Coaching-Kompetenz bringt euch, euren Mitarbeiter*innen und euren Unternehmen einen sp\u00fcrbaren Nutzen?<\/p>\n\n\n\n<br class=\"\u201cclear\u201d\">\n\n\n\n<p>Was sind die Kompetenzen eines Coaches eigentlich? Im Wesentlichen sind es diese 3:<\/p>\n\n\n\n<ol class=\"wp-block-list\">\n<li><strong>Coaches k\u00f6nnen richtig gut zuh\u00f6ren<\/strong><br>Nicht nur akustisch, sondern mit ihrem ganzen Wesen. Coaches gehen auf Augenh\u00f6he mit ihrem Gegen\u00fcber in Kontakt, h\u00f6ren wertfrei zu, sind neugierig auf die Gedanken, die Emotionen und auf die Menschen selbst. Sie gehen davon aus, dass ihr Gegen\u00fcber kompetent und willens ist, die bestm\u00f6gliche L\u00f6sung zu suchen und zu finden. Zuh\u00f6ren ist das wichtigste L\u00f6sungsmittel f\u00fcr Coaches!<\/li>\n\n\n\n<li><strong>Coaches sind im Gespr\u00e4ch zu 100 % pr\u00e4sent<\/strong><br>Richtig gutes Zuh\u00f6ren erfordert die Entscheidung, sich in dem Augenblick voll und ganz seinem Gegen\u00fcber zuzuwenden. Sich so gut es geht mit voller Aufmerksamkeit zur Verf\u00fcgung stellen. Ich muss mitschwingen k\u00f6nnen, dabeibleiben k\u00f6nnen, selbst wenn ich das Geh\u00f6rte inhaltlich nicht teile.<\/li>\n\n\n\n<li><strong>Coaches haben die Tools und Skills, ein Gespr\u00e4ch zur L\u00f6sung zu f\u00fchren:<\/strong><br>Coaches k\u00f6nnen Gespr\u00e4che strukturieren, sodass das Ziel im Blick bleibt. Sie k\u00f6nnen kraftvolle Fragen zum richtigen Zeitpunkt stellen. Aufmerksamkeit auf die F\u00fclle lenken und weg von einer \u201eProblemtrance\u201c. Und da, wo es gebraucht wird, k\u00f6nnen Coaches auch zugewandtes Feedback geben.<\/li>\n<\/ol>\n\n\n\n<figure class=\"wp-block-image size-full\"><img loading=\"lazy\" decoding=\"async\" width=\"1023\" height=\"182\" src=\"https:\/\/www.future.at\/blog\/wp-content\/uploads\/2024\/05\/Hoerst-du-zu.jpg\" alt=\"\" class=\"wp-image-2964\" srcset=\"https:\/\/www.future.at\/blog\/wp-content\/uploads\/2024\/05\/Hoerst-du-zu.jpg 1023w, https:\/\/www.future.at\/blog\/wp-content\/uploads\/2024\/05\/Hoerst-du-zu-300x53.jpg 300w, https:\/\/www.future.at\/blog\/wp-content\/uploads\/2024\/05\/Hoerst-du-zu-768x137.jpg 768w\" sizes=\"auto, (max-width: 1023px) 100vw, 1023px\" \/><\/figure>\n\n\n\n<p>Sind es nicht genau diese 3 Kompetenzen, die sich Mitarbeiter*innen auch von ihrer F\u00fchrungskraft w\u00fcnschen?<\/p>\n\n\n\n<p>\u201eH\u00f6rst du zu, um deine Antwort loszuwerden? Oder h\u00f6rst du zu, um mich zu verstehen?\u201c<\/p>\n\n\n\n<br class=\"\u201cclear\u201d\">\n\n\n\n<p><strong>Muss jetzt jede F\u00fchrungskraft ein Coach sein?<\/strong><\/p>\n\n\n\n<p>Es gibt F\u00fchrungskr\u00e4fte, die hervorragende Coaches sind. Aber nicht in jedem Unternehmen oder f\u00fcr jede Situation ist Coaching f\u00fcr F\u00fchrungskr\u00e4fte das beste Mittel.<\/p>\n\n\n\n<br class=\"\u201cclear\u201d\">\n\n\n\n<p>So gibt es wichtige Aufgaben einer F\u00fchrungskraft, in welchen der\u201eCoach Approach\u201c nur bedingt zur Anwendung kommen kann: Richtung vorgeben, Entscheidungen treffen, Umsetzung und Leistungen bewerten.<\/p>\n\n\n\n<br class=\"\u201cclear\u201d\">\n\n\n\n<p>Vor allem ist es auch eine Frage der Unternehmenskultur, wieviel Rolle der Coach Approach in der F\u00fchrung spielen kann und soll.<\/p>\n\n\n\n<figure class=\"wp-block-image size-full\"><img loading=\"lazy\" decoding=\"async\" width=\"1023\" height=\"182\" src=\"https:\/\/www.future.at\/blog\/wp-content\/uploads\/2024\/05\/Coaching-braucht-Mut.jpg\" alt=\"\" class=\"wp-image-2973\" srcset=\"https:\/\/www.future.at\/blog\/wp-content\/uploads\/2024\/05\/Coaching-braucht-Mut.jpg 1023w, https:\/\/www.future.at\/blog\/wp-content\/uploads\/2024\/05\/Coaching-braucht-Mut-300x53.jpg 300w, https:\/\/www.future.at\/blog\/wp-content\/uploads\/2024\/05\/Coaching-braucht-Mut-768x137.jpg 768w\" sizes=\"auto, (max-width: 1023px) 100vw, 1023px\" \/><\/figure>\n\n\n\n<p>Lass mich ein starkes Beispiel f\u00fcr eine ganz auf den Coach-Approach ausgerichtete Unternehmenskultur nennen: Das Softwareunternehmen Canva, mit seiner Plattform f\u00fcr Online-Design, hat weltweit \u00fcber 4000 Mitarbeiter*innen. Deren F\u00fchrungskr\u00e4fte hei\u00dfen bei Canva offiziell \u201eCoach\u201c und nicht etwa \u201eManager\u201c. Mitarbeiterentwicklung ist zentraler Teil ihres Jobprofils, Coaching-Kompetenz ist f\u00fcr sie ein Must-have.<\/p>\n\n\n\n<br class=\"\u201cclear\u201d\">\n\n\n\n<p>Diese starke Ausrichtung ist nicht in jedem Unternehmen m\u00f6glich oder sinnvoll.<\/p>\n\n\n\n<br class=\"\u201cclear\u201d\">\n\n\n\n<p>Doch in jedem Unternehmen und in jedem Team ist es m\u00f6glich, von den 3 Kernkompetenzen eines Coaches zu profitieren:<\/p>\n\n\n<ul>\n<li>Zuh\u00f6ren auf einen neuen Qualit\u00e4tslevel bringen.<\/li>\n<li>Im Gespr\u00e4ch wirklich pr\u00e4sent sein.<\/li>\n<li>Mit Struktur und gezielten Coachingfragen L\u00f6sungen entwickeln.<\/li>\n<\/ul>\n\n\n<br class=\"\u201cclear\u201d\">\n\n\n\n<p><strong>Ist es wirklich so einfach?<\/strong><br>Ja und nein. Denn Coaching braucht Mut, Wissen und \u00dcbung, um wirkliche Kompetenz darin zu entwickeln. Sich selbst immer wieder reflektieren und blinden Flecken auf die Schliche kommen: Wo h\u00f6re ich wirklich zu, wo h\u00f6re ich nur meine vorgefassten Meinungen? Wo erwischt mein Gegen\u00fcber einen meiner roten Kn\u00f6pfe und wie finde ich dann zur\u00fcck ins Gespr\u00e4ch? Warum ist mein letztes Meeting pl\u00f6tzlich so schr\u00e4g verlaufen und wie kann ich es in Zukunft besser gestalten? Wo steckt noch ungen\u00fctztes Potenzial und wie kann ich es in die Wirkung bringen?<\/p>\n\n\n\n<br class=\"\u201cclear\u201d\">\n\n\n\n<p><strong>Was haben Mitarbeiter*innen davon<em>? <\/em><\/strong><\/p>\n\n\n\n<p>Hut ab vor allen F\u00fchrungskr\u00e4ften, die in unserer \u201eVUCA-Welt\u201c Unglaubliches leisten und immer schneller L\u00f6sungen auf immer komplexere Fragen finden. Allerdings kommt bei diesen hohen Anforderungen in so manchem Unternehmen etwas zu kurz: Der Mensch. Um Mitarbeiterinnen zu gewinnen und zu halten, um deren Potentiale zu sehen und optimal einzusetzen, um die Stimmung im Unternehmen in Drive nach vorne umzulegen, um Missverst\u00e4ndnisse zu vermeiden, um besser zu kommunizieren\u2026 dazu kann Coaching-Kompetenz in der F\u00fchrung einen deutlichen Beitrag leisten.<\/p>\n\n\n\n<br class=\"\u201cclear\u201d\">\n\n\n\n<p><strong>Und Sie, bossen Sie noch, oder coachen Sie schon?<\/strong><\/p>\n\n\n\n<p>Erfahren Sie mehr zu unserem Trainingsangebot: <a href=\"https:\/\/www.future.at\/training\/leadership-akademie\/coaching-kompetenz-fuer-fuehrungskraefte\/\" target=\"_blank\" rel=\"noopener\">Coaching-Kompetenz f\u00fcr F\u00fchrungskr\u00e4fte<\/a> &#8211; n\u00e4chster Start 09.09.2024 in Wien<\/p>\n\n\n\n<br class=\"\u201cclear\u201d\">\n\n\n<div class=\"wp-block-image\">\n<figure class=\"alignleft\"><a href=\"https:\/\/www.future.at\/team\/trainer\/stefan-bauer-wolf\/\"><img loading=\"lazy\" decoding=\"async\" width=\"150\" height=\"150\" src=\"https:\/\/www.future.at\/blog\/wp-content\/uploads\/2024\/01\/Stefan-Bauer-Wolf-TP-WEB-3594-150x150.jpg\" alt=\"\" class=\"wp-image-2795\" srcset=\"https:\/\/www.future.at\/blog\/wp-content\/uploads\/2024\/01\/Stefan-Bauer-Wolf-TP-WEB-3594-150x150.jpg 150w, https:\/\/www.future.at\/blog\/wp-content\/uploads\/2024\/01\/Stefan-Bauer-Wolf-TP-WEB-3594-300x300.jpg 300w, https:\/\/www.future.at\/blog\/wp-content\/uploads\/2024\/01\/Stefan-Bauer-Wolf-TP-WEB-3594.jpg 600w\" sizes=\"auto, (max-width: 150px) 100vw, 150px\" \/><\/a><\/figure>\n<\/div>\n\n\n<p>\u00dcber den Autor:<\/p>\n\n\n\n<p><a href=\"https:\/\/www.future.at\/team\/trainer\/stefan-bauer-wolf\/\" target=\"_blank\" rel=\"noopener\">Stefan Bauer-Wolf<\/a> ist systemischer Organisationsberater und FUTURE-Coach und Trainer.<\/p>\n\n\n\n<br class=\"\u201cclear\u201d\">\n\n\n\n<br class=\"\u201cclear\u201d\">\n\n\n\n<br class=\"\u201cclear\u201d\">\n\n\n\n<br class=\"\u201cclear\u201d\">\n\n\n\n<br class=\"\u201cclear\u201d\">\n\n\n\n<br class=\"\u201cclear\u201d\">\n\n\n\n<p><strong>Kostenloser online Event mit Canva am 6. Juni 2024 von 16:30 \u2013 18:15 Uhr<\/strong><a href=\"https:\/\/www.future.at\/online-sonder-event\/\" target=\"_blank\" rel=\"noreferrer noopener\"><img loading=\"lazy\" decoding=\"async\" width=\"700\" height=\"460\" class=\"alignnone wp-image-2988 size-full\" src=\"https:\/\/www.future.at\/blog\/wp-content\/uploads\/2024\/05\/Canva-Event.png\" alt=\"\" srcset=\"https:\/\/www.future.at\/blog\/wp-content\/uploads\/2024\/05\/Canva-Event.png 700w, https:\/\/www.future.at\/blog\/wp-content\/uploads\/2024\/05\/Canva-Event-300x197.png 300w, https:\/\/www.future.at\/blog\/wp-content\/uploads\/2024\/05\/Canva-Event-90x60.png 90w\" sizes=\"auto, (max-width: 700px) 100vw, 700px\" \/><\/a><\/p>\n\n\n\n<p>In einem Online-Event von FUTURE mit Canva ergr\u00fcnden wir die M\u00f6glichkeiten und Grenzen von Coaching als Tool f\u00fcr F\u00fchrungskr\u00e4fte. Details zum Abend und zur kostenlosen Anmeldung finden Sie <a href=\"https:\/\/www.future.at\/online-sonder-event\/\">hier unter diesem link\u2026<\/a><\/p>\n\n\n\n<br class=\"\u201cclear\u201d\">\n\n\n\n<p><\/p>\n","protected":false},"excerpt":{"rendered":"<p>Welche 3 Coaching-Kompetenzen sich Mitarbeitende von F\u00fchrungskr\u00e4ften w\u00fcnschen und wie das Unternehmen davon profitiert.<\/p>\n","protected":false},"author":23,"featured_media":2982,"comment_status":"open","ping_status":"closed","sticky":false,"template":"","format":"standard","meta":{"jetpack_post_was_ever_published":false,"_jetpack_newsletter_access":"","_jetpack_dont_email_post_to_subs":false,"_jetpack_newsletter_tier_id":0,"_jetpack_memberships_contains_paywalled_content":false,"_jetpack_memberships_contains_paid_content":false,"footnotes":""},"categories":[4,9],"tags":[379,380,381,51,183,18,197],"coauthors":[331],"class_list":["post-2955","post","type-post","status-publish","format-standard","has-post-thumbnail","hentry","category-coaching","category-leadership","tag-canva","tag-coach-approach","tag-fuehrungskarft-als-coach","tag-leadership","tag-mentor","tag-mentoring","tag-mitarbeiterfuehrung"],"yoast_head":"<!-- This site is optimized with the Yoast SEO plugin v27.5 - https:\/\/yoast.com\/product\/yoast-seo-wordpress\/ -->\n<title>Wenn der Chef pl\u00f6tzlich Coach ist - FUTURE-Blog<\/title>\n<meta name=\"description\" content=\"Welche 3 Coaching-Kompetenzen sich Mitarbeitende von F\u00fchrungskr\u00e4ften w\u00fcnschen und wie das Unternehmen davon profitiert.\" \/>\n<meta name=\"robots\" content=\"index, follow, max-snippet:-1, max-image-preview:large, max-video-preview:-1\" \/>\n<link rel=\"canonical\" href=\"https:\/\/www.future.at\/blog\/wenn-der-chef-ploetzlich-coach-ist\/\" \/>\n<meta property=\"og:locale\" content=\"de_DE\" \/>\n<meta property=\"og:type\" content=\"article\" \/>\n<meta property=\"og:title\" content=\"Wenn der Chef pl\u00f6tzlich Coach ist - FUTURE-Blog\" \/>\n<meta property=\"og:description\" content=\"Welche 3 Coaching-Kompetenzen sich Mitarbeitende von F\u00fchrungskr\u00e4ften w\u00fcnschen und wie das Unternehmen davon profitiert.\" \/>\n<meta property=\"og:url\" content=\"https:\/\/www.future.at\/blog\/wenn-der-chef-ploetzlich-coach-ist\/\" \/>\n<meta property=\"og:site_name\" content=\"FUTURE-Blog\" \/>\n<meta property=\"article:publisher\" content=\"https:\/\/www.facebook.com\/FUTURE.at\/\" \/>\n<meta property=\"article:published_time\" content=\"2024-05-26T06:15:00+00:00\" \/>\n<meta property=\"article:modified_time\" content=\"2024-05-28T07:18:30+00:00\" \/>\n<meta property=\"og:image\" content=\"https:\/\/www.future.at\/blog\/wp-content\/uploads\/2024\/05\/Blogbild-Coachingkompetenz.jpg\" \/>\n\t<meta property=\"og:image:width\" content=\"1200\" \/>\n\t<meta property=\"og:image:height\" content=\"746\" \/>\n\t<meta property=\"og:image:type\" content=\"image\/jpeg\" \/>\n<meta name=\"author\" content=\"Stefan Bauer-Wolf\" \/>\n<meta name=\"twitter:card\" content=\"summary_large_image\" \/>\n<meta name=\"twitter:creator\" content=\"@FUTURE_GmbH\" \/>\n<meta name=\"twitter:site\" content=\"@FUTURE_GmbH\" \/>\n<meta name=\"twitter:label1\" content=\"Verfasst von\" \/>\n\t<meta name=\"twitter:data1\" content=\"Stefan Bauer-Wolf\" \/>\n\t<meta name=\"twitter:label2\" content=\"Gesch\u00e4tzte Lesezeit\" \/>\n\t<meta name=\"twitter:data2\" content=\"6\u00a0Minuten\" \/>\n\t<meta name=\"twitter:label3\" content=\"Written by\" \/>\n\t<meta name=\"twitter:data3\" content=\"Stefan Bauer-Wolf\" \/>\n<script type=\"application\/ld+json\" class=\"yoast-schema-graph\">{\"@context\":\"https:\\\/\\\/schema.org\",\"@graph\":[{\"@type\":\"Article\",\"@id\":\"https:\\\/\\\/www.future.at\\\/blog\\\/wenn-der-chef-ploetzlich-coach-ist\\\/#article\",\"isPartOf\":{\"@id\":\"https:\\\/\\\/www.future.at\\\/blog\\\/wenn-der-chef-ploetzlich-coach-ist\\\/\"},\"author\":{\"name\":\"Stefan Bauer-Wolf\",\"@id\":\"https:\\\/\\\/www.future.at\\\/blog\\\/#\\\/schema\\\/person\\\/cd55e2c57425d2c55634cf9c3229a787\"},\"headline\":\"Wenn der Chef pl\u00f6tzlich Coach ist\",\"datePublished\":\"2024-05-26T06:15:00+00:00\",\"dateModified\":\"2024-05-28T07:18:30+00:00\",\"mainEntityOfPage\":{\"@id\":\"https:\\\/\\\/www.future.at\\\/blog\\\/wenn-der-chef-ploetzlich-coach-ist\\\/\"},\"wordCount\":812,\"commentCount\":0,\"publisher\":{\"@id\":\"https:\\\/\\\/www.future.at\\\/blog\\\/#organization\"},\"image\":{\"@id\":\"https:\\\/\\\/www.future.at\\\/blog\\\/wenn-der-chef-ploetzlich-coach-ist\\\/#primaryimage\"},\"thumbnailUrl\":\"https:\\\/\\\/www.future.at\\\/blog\\\/wp-content\\\/uploads\\\/2024\\\/05\\\/Blogbild-Coachingkompetenz.jpg\",\"keywords\":[\"Canva\",\"Coach Approach\",\"F\u00fchrungskarft als Coach\",\"Leadership\",\"mentor\",\"Mentoring\",\"mitarbeiterf\u00fchrung\"],\"articleSection\":[\"Coaching\",\"Leadership\"],\"inLanguage\":\"de\",\"potentialAction\":[{\"@type\":\"CommentAction\",\"name\":\"Comment\",\"target\":[\"https:\\\/\\\/www.future.at\\\/blog\\\/wenn-der-chef-ploetzlich-coach-ist\\\/#respond\"]}]},{\"@type\":\"WebPage\",\"@id\":\"https:\\\/\\\/www.future.at\\\/blog\\\/wenn-der-chef-ploetzlich-coach-ist\\\/\",\"url\":\"https:\\\/\\\/www.future.at\\\/blog\\\/wenn-der-chef-ploetzlich-coach-ist\\\/\",\"name\":\"Wenn der Chef pl\u00f6tzlich Coach ist - FUTURE-Blog\",\"isPartOf\":{\"@id\":\"https:\\\/\\\/www.future.at\\\/blog\\\/#website\"},\"primaryImageOfPage\":{\"@id\":\"https:\\\/\\\/www.future.at\\\/blog\\\/wenn-der-chef-ploetzlich-coach-ist\\\/#primaryimage\"},\"image\":{\"@id\":\"https:\\\/\\\/www.future.at\\\/blog\\\/wenn-der-chef-ploetzlich-coach-ist\\\/#primaryimage\"},\"thumbnailUrl\":\"https:\\\/\\\/www.future.at\\\/blog\\\/wp-content\\\/uploads\\\/2024\\\/05\\\/Blogbild-Coachingkompetenz.jpg\",\"datePublished\":\"2024-05-26T06:15:00+00:00\",\"dateModified\":\"2024-05-28T07:18:30+00:00\",\"description\":\"Welche 3 Coaching-Kompetenzen sich Mitarbeitende von F\u00fchrungskr\u00e4ften w\u00fcnschen und wie das Unternehmen davon profitiert.\",\"breadcrumb\":{\"@id\":\"https:\\\/\\\/www.future.at\\\/blog\\\/wenn-der-chef-ploetzlich-coach-ist\\\/#breadcrumb\"},\"inLanguage\":\"de\",\"potentialAction\":[{\"@type\":\"ReadAction\",\"target\":[\"https:\\\/\\\/www.future.at\\\/blog\\\/wenn-der-chef-ploetzlich-coach-ist\\\/\"]}]},{\"@type\":\"ImageObject\",\"inLanguage\":\"de\",\"@id\":\"https:\\\/\\\/www.future.at\\\/blog\\\/wenn-der-chef-ploetzlich-coach-ist\\\/#primaryimage\",\"url\":\"https:\\\/\\\/www.future.at\\\/blog\\\/wp-content\\\/uploads\\\/2024\\\/05\\\/Blogbild-Coachingkompetenz.jpg\",\"contentUrl\":\"https:\\\/\\\/www.future.at\\\/blog\\\/wp-content\\\/uploads\\\/2024\\\/05\\\/Blogbild-Coachingkompetenz.jpg\",\"width\":1200,\"height\":746},{\"@type\":\"BreadcrumbList\",\"@id\":\"https:\\\/\\\/www.future.at\\\/blog\\\/wenn-der-chef-ploetzlich-coach-ist\\\/#breadcrumb\",\"itemListElement\":[{\"@type\":\"ListItem\",\"position\":1,\"name\":\"Home\",\"item\":\"https:\\\/\\\/www.future.at\\\/blog\\\/\"},{\"@type\":\"ListItem\",\"position\":2,\"name\":\"Wenn der Chef pl\u00f6tzlich Coach ist\"}]},{\"@type\":\"WebSite\",\"@id\":\"https:\\\/\\\/www.future.at\\\/blog\\\/#website\",\"url\":\"https:\\\/\\\/www.future.at\\\/blog\\\/\",\"name\":\"FUTURE-Blog\",\"description\":\"Inspiration und Impulse zu Leadership, Coaching, Unternehmenskultur und Erwachsenenbildung \u2013 Finden Sie hier Best Practice Beispiele\",\"publisher\":{\"@id\":\"https:\\\/\\\/www.future.at\\\/blog\\\/#organization\"},\"potentialAction\":[{\"@type\":\"SearchAction\",\"target\":{\"@type\":\"EntryPoint\",\"urlTemplate\":\"https:\\\/\\\/www.future.at\\\/blog\\\/?s={search_term_string}\"},\"query-input\":{\"@type\":\"PropertyValueSpecification\",\"valueRequired\":true,\"valueName\":\"search_term_string\"}}],\"inLanguage\":\"de\"},{\"@type\":\"Organization\",\"@id\":\"https:\\\/\\\/www.future.at\\\/blog\\\/#organization\",\"name\":\"FUTURE Training Beratung Coaching GmbH\",\"url\":\"https:\\\/\\\/www.future.at\\\/blog\\\/\",\"logo\":{\"@type\":\"ImageObject\",\"inLanguage\":\"de\",\"@id\":\"https:\\\/\\\/www.future.at\\\/blog\\\/#\\\/schema\\\/logo\\\/image\\\/\",\"url\":\"https:\\\/\\\/www.future.at\\\/blog\\\/wp-content\\\/uploads\\\/2017\\\/11\\\/FUTURE-Logo-klein-RGB.jpg\",\"contentUrl\":\"https:\\\/\\\/www.future.at\\\/blog\\\/wp-content\\\/uploads\\\/2017\\\/11\\\/FUTURE-Logo-klein-RGB.jpg\",\"width\":500,\"height\":179,\"caption\":\"FUTURE Training Beratung Coaching GmbH\"},\"image\":{\"@id\":\"https:\\\/\\\/www.future.at\\\/blog\\\/#\\\/schema\\\/logo\\\/image\\\/\"},\"sameAs\":[\"https:\\\/\\\/www.facebook.com\\\/FUTURE.at\\\/\",\"https:\\\/\\\/x.com\\\/FUTURE_GmbH\",\"https:\\\/\\\/www.linkedin.com\\\/company\\\/future-coaching-academy-international\\\/\",\"https:\\\/\\\/www.youtube.com\\\/channel\\\/UCzdc9s_FUYJx4_rtNvUYNKQ?view_as=subscriber\"]},{\"@type\":\"Person\",\"@id\":\"https:\\\/\\\/www.future.at\\\/blog\\\/#\\\/schema\\\/person\\\/cd55e2c57425d2c55634cf9c3229a787\",\"name\":\"Stefan Bauer-Wolf\",\"sameAs\":[\"https:\\\/\\\/www.future.at\\\/team\\\/trainer\\\/stefan-bauer-wolf\\\/\",\"https:\\\/\\\/www.linkedin.com\\\/in\\\/stefanbauerwolf\\\/\"],\"url\":\"https:\\\/\\\/www.future.at\\\/blog\\\/author\\\/stefan_bauer_wolf\\\/\"}]}<\/script>\n<!-- \/ Yoast SEO plugin. -->","yoast_head_json":{"title":"Wenn der Chef pl\u00f6tzlich Coach ist - FUTURE-Blog","description":"Welche 3 Coaching-Kompetenzen sich Mitarbeitende von F\u00fchrungskr\u00e4ften w\u00fcnschen und wie das Unternehmen davon profitiert.","robots":{"index":"index","follow":"follow","max-snippet":"max-snippet:-1","max-image-preview":"max-image-preview:large","max-video-preview":"max-video-preview:-1"},"canonical":"https:\/\/www.future.at\/blog\/wenn-der-chef-ploetzlich-coach-ist\/","og_locale":"de_DE","og_type":"article","og_title":"Wenn der Chef pl\u00f6tzlich Coach ist - FUTURE-Blog","og_description":"Welche 3 Coaching-Kompetenzen sich Mitarbeitende von F\u00fchrungskr\u00e4ften w\u00fcnschen und wie das Unternehmen davon profitiert.","og_url":"https:\/\/www.future.at\/blog\/wenn-der-chef-ploetzlich-coach-ist\/","og_site_name":"FUTURE-Blog","article_publisher":"https:\/\/www.facebook.com\/FUTURE.at\/","article_published_time":"2024-05-26T06:15:00+00:00","article_modified_time":"2024-05-28T07:18:30+00:00","og_image":[{"width":1200,"height":746,"url":"https:\/\/www.future.at\/blog\/wp-content\/uploads\/2024\/05\/Blogbild-Coachingkompetenz.jpg","type":"image\/jpeg"}],"author":"Stefan Bauer-Wolf","twitter_card":"summary_large_image","twitter_creator":"@FUTURE_GmbH","twitter_site":"@FUTURE_GmbH","twitter_misc":{"Verfasst von":"Stefan Bauer-Wolf","Gesch\u00e4tzte Lesezeit":"6\u00a0Minuten","Written by":"Stefan Bauer-Wolf"},"schema":{"@context":"https:\/\/schema.org","@graph":[{"@type":"Article","@id":"https:\/\/www.future.at\/blog\/wenn-der-chef-ploetzlich-coach-ist\/#article","isPartOf":{"@id":"https:\/\/www.future.at\/blog\/wenn-der-chef-ploetzlich-coach-ist\/"},"author":{"name":"Stefan Bauer-Wolf","@id":"https:\/\/www.future.at\/blog\/#\/schema\/person\/cd55e2c57425d2c55634cf9c3229a787"},"headline":"Wenn der Chef pl\u00f6tzlich Coach ist","datePublished":"2024-05-26T06:15:00+00:00","dateModified":"2024-05-28T07:18:30+00:00","mainEntityOfPage":{"@id":"https:\/\/www.future.at\/blog\/wenn-der-chef-ploetzlich-coach-ist\/"},"wordCount":812,"commentCount":0,"publisher":{"@id":"https:\/\/www.future.at\/blog\/#organization"},"image":{"@id":"https:\/\/www.future.at\/blog\/wenn-der-chef-ploetzlich-coach-ist\/#primaryimage"},"thumbnailUrl":"https:\/\/www.future.at\/blog\/wp-content\/uploads\/2024\/05\/Blogbild-Coachingkompetenz.jpg","keywords":["Canva","Coach Approach","F\u00fchrungskarft als Coach","Leadership","mentor","Mentoring","mitarbeiterf\u00fchrung"],"articleSection":["Coaching","Leadership"],"inLanguage":"de","potentialAction":[{"@type":"CommentAction","name":"Comment","target":["https:\/\/www.future.at\/blog\/wenn-der-chef-ploetzlich-coach-ist\/#respond"]}]},{"@type":"WebPage","@id":"https:\/\/www.future.at\/blog\/wenn-der-chef-ploetzlich-coach-ist\/","url":"https:\/\/www.future.at\/blog\/wenn-der-chef-ploetzlich-coach-ist\/","name":"Wenn der Chef pl\u00f6tzlich Coach ist - FUTURE-Blog","isPartOf":{"@id":"https:\/\/www.future.at\/blog\/#website"},"primaryImageOfPage":{"@id":"https:\/\/www.future.at\/blog\/wenn-der-chef-ploetzlich-coach-ist\/#primaryimage"},"image":{"@id":"https:\/\/www.future.at\/blog\/wenn-der-chef-ploetzlich-coach-ist\/#primaryimage"},"thumbnailUrl":"https:\/\/www.future.at\/blog\/wp-content\/uploads\/2024\/05\/Blogbild-Coachingkompetenz.jpg","datePublished":"2024-05-26T06:15:00+00:00","dateModified":"2024-05-28T07:18:30+00:00","description":"Welche 3 Coaching-Kompetenzen sich Mitarbeitende von F\u00fchrungskr\u00e4ften w\u00fcnschen und wie das Unternehmen davon profitiert.","breadcrumb":{"@id":"https:\/\/www.future.at\/blog\/wenn-der-chef-ploetzlich-coach-ist\/#breadcrumb"},"inLanguage":"de","potentialAction":[{"@type":"ReadAction","target":["https:\/\/www.future.at\/blog\/wenn-der-chef-ploetzlich-coach-ist\/"]}]},{"@type":"ImageObject","inLanguage":"de","@id":"https:\/\/www.future.at\/blog\/wenn-der-chef-ploetzlich-coach-ist\/#primaryimage","url":"https:\/\/www.future.at\/blog\/wp-content\/uploads\/2024\/05\/Blogbild-Coachingkompetenz.jpg","contentUrl":"https:\/\/www.future.at\/blog\/wp-content\/uploads\/2024\/05\/Blogbild-Coachingkompetenz.jpg","width":1200,"height":746},{"@type":"BreadcrumbList","@id":"https:\/\/www.future.at\/blog\/wenn-der-chef-ploetzlich-coach-ist\/#breadcrumb","itemListElement":[{"@type":"ListItem","position":1,"name":"Home","item":"https:\/\/www.future.at\/blog\/"},{"@type":"ListItem","position":2,"name":"Wenn der Chef pl\u00f6tzlich Coach ist"}]},{"@type":"WebSite","@id":"https:\/\/www.future.at\/blog\/#website","url":"https:\/\/www.future.at\/blog\/","name":"FUTURE-Blog","description":"Inspiration und Impulse zu Leadership, Coaching, Unternehmenskultur und Erwachsenenbildung \u2013 Finden Sie hier Best Practice Beispiele","publisher":{"@id":"https:\/\/www.future.at\/blog\/#organization"},"potentialAction":[{"@type":"SearchAction","target":{"@type":"EntryPoint","urlTemplate":"https:\/\/www.future.at\/blog\/?s={search_term_string}"},"query-input":{"@type":"PropertyValueSpecification","valueRequired":true,"valueName":"search_term_string"}}],"inLanguage":"de"},{"@type":"Organization","@id":"https:\/\/www.future.at\/blog\/#organization","name":"FUTURE Training Beratung Coaching GmbH","url":"https:\/\/www.future.at\/blog\/","logo":{"@type":"ImageObject","inLanguage":"de","@id":"https:\/\/www.future.at\/blog\/#\/schema\/logo\/image\/","url":"https:\/\/www.future.at\/blog\/wp-content\/uploads\/2017\/11\/FUTURE-Logo-klein-RGB.jpg","contentUrl":"https:\/\/www.future.at\/blog\/wp-content\/uploads\/2017\/11\/FUTURE-Logo-klein-RGB.jpg","width":500,"height":179,"caption":"FUTURE Training Beratung Coaching GmbH"},"image":{"@id":"https:\/\/www.future.at\/blog\/#\/schema\/logo\/image\/"},"sameAs":["https:\/\/www.facebook.com\/FUTURE.at\/","https:\/\/x.com\/FUTURE_GmbH","https:\/\/www.linkedin.com\/company\/future-coaching-academy-international\/","https:\/\/www.youtube.com\/channel\/UCzdc9s_FUYJx4_rtNvUYNKQ?view_as=subscriber"]},{"@type":"Person","@id":"https:\/\/www.future.at\/blog\/#\/schema\/person\/cd55e2c57425d2c55634cf9c3229a787","name":"Stefan Bauer-Wolf","sameAs":["https:\/\/www.future.at\/team\/trainer\/stefan-bauer-wolf\/","https:\/\/www.linkedin.com\/in\/stefanbauerwolf\/"],"url":"https:\/\/www.future.at\/blog\/author\/stefan_bauer_wolf\/"}]}},"jetpack_featured_media_url":"https:\/\/www.future.at\/blog\/wp-content\/uploads\/2024\/05\/Blogbild-Coachingkompetenz.jpg","jetpack_shortlink":"https:\/\/wp.me\/p9f2Ut-LF","jetpack_sharing_enabled":true,"_links":{"self":[{"href":"https:\/\/www.future.at\/blog\/wp-json\/wp\/v2\/posts\/2955","targetHints":{"allow":["GET"]}}],"collection":[{"href":"https:\/\/www.future.at\/blog\/wp-json\/wp\/v2\/posts"}],"about":[{"href":"https:\/\/www.future.at\/blog\/wp-json\/wp\/v2\/types\/post"}],"author":[{"embeddable":true,"href":"https:\/\/www.future.at\/blog\/wp-json\/wp\/v2\/users\/23"}],"replies":[{"embeddable":true,"href":"https:\/\/www.future.at\/blog\/wp-json\/wp\/v2\/comments?post=2955"}],"version-history":[{"count":41,"href":"https:\/\/www.future.at\/blog\/wp-json\/wp\/v2\/posts\/2955\/revisions"}],"predecessor-version":[{"id":3020,"href":"https:\/\/www.future.at\/blog\/wp-json\/wp\/v2\/posts\/2955\/revisions\/3020"}],"wp:featuredmedia":[{"embeddable":true,"href":"https:\/\/www.future.at\/blog\/wp-json\/wp\/v2\/media\/2982"}],"wp:attachment":[{"href":"https:\/\/www.future.at\/blog\/wp-json\/wp\/v2\/media?parent=2955"}],"wp:term":[{"taxonomy":"category","embeddable":true,"href":"https:\/\/www.future.at\/blog\/wp-json\/wp\/v2\/categories?post=2955"},{"taxonomy":"post_tag","embeddable":true,"href":"https:\/\/www.future.at\/blog\/wp-json\/wp\/v2\/tags?post=2955"},{"taxonomy":"author","embeddable":true,"href":"https:\/\/www.future.at\/blog\/wp-json\/wp\/v2\/coauthors?post=2955"}],"curies":[{"name":"wp","href":"https:\/\/api.w.org\/{rel}","templated":true}]}}