
{"id":3209,"date":"2025-01-26T19:29:56","date_gmt":"2025-01-26T18:29:56","guid":{"rendered":"https:\/\/www.future.at\/blog\/?p=3209"},"modified":"2025-01-27T21:22:11","modified_gmt":"2025-01-27T20:22:11","slug":"die-welt-der-jungen-erwachsenen","status":"publish","type":"post","link":"https:\/\/www.future.at\/blog\/die-welt-der-jungen-erwachsenen\/","title":{"rendered":"Die Welt der jungen Erwachsenen"},"content":{"rendered":"\n<h2 class=\"wp-block-heading has-text-align-center p1\">Weit und eng zugleich<\/h2>\n\n\n\n<p class=\"has-text-align-center p1\"><em>Von Future-Trainerinnen Lisa Canal und Susanne Plaschka<\/em><\/p>\n\n\n\n<figure class=\"wp-block-image\"><img loading=\"lazy\" decoding=\"async\" width=\"1000\" height=\"533\" src=\"https:\/\/www.future.at\/blog\/wp-content\/uploads\/2025\/01\/Die-Welt-der-Jugendlichen1.jpg\" alt=\"Die Welt der jungen Erwachsenen ist eng und weit zugleich\" class=\"wp-image-3221\" srcset=\"https:\/\/www.future.at\/blog\/wp-content\/uploads\/2025\/01\/Die-Welt-der-Jugendlichen1.jpg 1000w, https:\/\/www.future.at\/blog\/wp-content\/uploads\/2025\/01\/Die-Welt-der-Jugendlichen1-300x160.jpg 300w, https:\/\/www.future.at\/blog\/wp-content\/uploads\/2025\/01\/Die-Welt-der-Jugendlichen1-768x409.jpg 768w\" sizes=\"auto, (max-width: 1000px) 100vw, 1000px\" \/><\/figure>\n\n\n\n<p><\/p>\n\n\n\n<p class=\"p1\">Stellen Sie sich vor, Sie \u201eswipen\u201c durch eine Vielzahl an Videos auf Ihrem Social-Media-Kanal und sind mit unterschiedlichsten Emotionen konfrontiert. Manches am\u00fcsiert oder inspiriert Sie, Erinnerungen tauchen auf, vieles ist verst\u00f6rend. Der Nachrichtenstrom scheint unersch\u00f6pflich, die Stunden vergehen, der Tag wird k\u00fcrzer. Das ist nicht nur die Realit\u00e4t vieler junger Erwachsener, sondern auch anderer Generationen. Dabei merken wir oft nicht, wie das Leben an uns vorbeizieht.<\/p>\n\n\n\n<!--more-->\n\n\n\n<br class=\"\u201cclear\u201d\">\n\n\n<p class=\"p1\">Die Welt hat sich durch die Digitalisierung enorm ver\u00e4ndert. Sie scheint vor allem f\u00fcr Jugendliche und junge Erwachsene eng und weit zugleich. Einerseits ist sie eng, weil die allumfassende Sichtbarkeit wenig Raum f\u00fcr unbeobachtete, wertfreie Entfaltung l\u00e4sst. Raum zum Ausprobieren und Fehler machen, ohne dass die ganze Welt Teil des Prozesses wird. Die Algorithmen von Social Media sorgen daf\u00fcr, dass man immer mehr vom Gleichen sieht, und realit\u00e4tsfremde Ideale f\u00f6rdern st\u00e4ndige Selbstoptimierung. Die \u00e4ltere Generation hingegen erwartet, dass sich die Jungen an ihre Werte anpassen \u2013 Umwege werden oft nicht gestattet, und es fehlt an Verst\u00e4ndnis. Eltern vergleichen ihre Realit\u00e4t mit jener der jungen Erwachsenen: Das Leben und Aufwachsen heute ist aber einfach anders als fr\u00fcher. Vor allem die Frage, wie man seinen Lebensunterhalt sichert, f\u00fchrt zu Diskussionen.<\/p>\n\n\n<br class=\"\u201cclear\u201d\">\n\n\n<p class=\"p1\">Andererseits ist die Welt weit, weil alles m\u00f6glich ist: Ein Buch im Selbstverlag herausgeben? Eine neue Sprache oder ein Instrument lernen? Einen spontanen Flug buchen? Schnell etwas nach Rezept kochen? Kein Problem. Diverse Apps bieten sofort L\u00f6sungen. Nichts scheint unm\u00f6glich, ob eine Au-pair-Stelle in Papua-Neuguinea oder eine Fahrradtour nach Berlin.<\/p>\n\n\n<br class=\"\u201cclear\u201d\">\n\n\n<p class=\"p1\">W\u00e4hrend wir von den gro\u00dfen Umw\u00e4lzungen der Welt umgeben sind \u2013 wie Nachhaltigkeit und Klimawandel, soziale Ungleichheit, Pandemie und politische Instabilit\u00e4t \u2013, finden im Kleinen stille Revolutionen statt:<\/p>\n\n\n<br class=\"\u201cclear\u201d\">\n\n\n\n<figure class=\"wp-block-image\"><img loading=\"lazy\" decoding=\"async\" width=\"1023\" height=\"324\" src=\"https:\/\/www.future.at\/blog\/wp-content\/uploads\/2025\/01\/Jugend-Zitate-1.jpg\" alt=\"Junge Erwachsene leben zwischen zwei Welten\" class=\"wp-image-3222\" srcset=\"https:\/\/www.future.at\/blog\/wp-content\/uploads\/2025\/01\/Jugend-Zitate-1.jpg 1023w, https:\/\/www.future.at\/blog\/wp-content\/uploads\/2025\/01\/Jugend-Zitate-1-300x95.jpg 300w, https:\/\/www.future.at\/blog\/wp-content\/uploads\/2025\/01\/Jugend-Zitate-1-768x243.jpg 768w\" sizes=\"auto, (max-width: 1023px) 100vw, 1023px\" \/><\/figure>\n\n\n\n<p class=\"p1\"><\/p>\n\n\n\n<br class=\"\u201cclear\u201d\">\n\n\n<p class=\"p1\">Junge Menschen ern\u00e4hren sich vegan, tragen Secondhandkleidung oder geben sich dem Minimalismus hin, bauen ihre eigenen Lebensmittel an oder gr\u00fcnden ihr gr\u00fcnes Unternehmen. Das sind Ausdrucksformen, die eigenen Werte zu leben, und die Jugendlichen erwarten Verst\u00e4ndnis von den Menschen in ihrer Umgebung. W\u00e4hrend einige Eltern bem\u00fcht sind, ihre Kinder zu unterst\u00fctzen, sto\u00dfen viele an ihre Grenzen. Es f\u00e4llt schwer \u2013 zum Beispiel zugunsten des Klimas \u2013 auf die eine oder andere Bequemlichkeit, die man sich hart erarbeitet hat, zu verzichten, und weil man sich die eigene Schw\u00e4che nicht verzeiht, schimpft man \u00fcber jene, die konsequenter sind.<\/p>\n\n\n<br class=\"\u201cclear\u201d\">\n\n\n<p class=\"p1\">Irgendwann passt dann gar nichts mehr zusammen. Eine Folge sind Konflikte, in denen h\u00e4ufig pauschalisiert wird und zumindest im Moment kein Platz f\u00fcr die Vielfalt der verschiedenen Standpunkte bleibt \u2013 wir verstehen einander nicht.<\/p>\n\n\n<br class=\"\u201cclear\u201d\">\n\n\n<p class=\"p1\">Wir verstehen einander einfach nicht. Es ist sowohl eng als auch weit, gleichzeitig klar und widerspr\u00fcchlich. Innerhalb einer Generation war die Vielfalt an individuellen Lebensstilen nie gr\u00f6\u00dfer, die Kluft zwischen jetzt und fr\u00fcher nie tiefer.<\/p>\n\n\n<br class=\"\u201cclear\u201d\">\n\n\n<p class=\"p1\">Genau diese Herausforderungen erinnern uns jedoch auch daran, dass wir Bed\u00fcrfnisse haben, die uns letztlich vereinen. Wir sehnen uns alle nach Liebe, Harmonie und Miteinander, und das unter Ber\u00fccksichtigung der eigenen Individualit\u00e4t, die sich durch Begeisterung, Freude und Schaffenskraft zeigt.<\/p>\n\n\n<br class=\"\u201cclear\u201d\">\n\n\n<p class=\"p1\">Ein Schl\u00fcssel liegt darin, eine gemeinsame Mitte zu finden \u2013 eine Mitte, die es erm\u00f6glicht, liebevoll und aktiv mit mir selbst und mit anderen umzugehen. Ein erster Schritt w\u00e4re, dass ich mir meiner Bed\u00fcrfnisse bewusst werde, denn diese f\u00fchren zu meinen Handlungen. Bin ich mir dessen bewusst, dass Menschen \u00e4hnliche Bed\u00fcrfnisse auf ganz unterschiedliche Weise ausleben? Habe ich reflektiert, welche Bed\u00fcrfnisse meinen Handlungen zugrunde liegen? Mit dem Verst\u00e4ndnis meiner eigenen Handlungen wachsen auch Toleranz und Einf\u00fchlungsverm\u00f6gen gegen\u00fcber anderen.<\/p>\n\n\n<br class=\"\u201cclear\u201d\">\n\n\n<p class=\"p1\">Und genau von diesem Verst\u00e4ndnis k\u00f6nnen wir nicht genug bekommen. Die Erkenntnis, dass es Platz f\u00fcr viele Welten braucht, f\u00fchrt uns unweigerlich zum Verstehen. Gleichzeitig macht sie die Betrachtung von mir selbst in meinem Einflussbereich und den Menschen in meinem Beziehungskreis freudiger und realer, sodass eine gute gemeinsame Zukunft entstehen kann, die ich mit meinem ganz pers\u00f6nlichen Beitrag im Jetzt gestalte.<\/p>\n\n\n<br class=\"\u201cclear\u201d\">\n\n\n\n<figure class=\"wp-block-image\"><img loading=\"lazy\" decoding=\"async\" width=\"1023\" height=\"324\" src=\"https:\/\/www.future.at\/blog\/wp-content\/uploads\/2025\/01\/Jugend-Zitate-2.jpg\" alt=\"Junge Erwachsene brauchen Raum f\u00fcr Entwicklung\" class=\"wp-image-3224\" srcset=\"https:\/\/www.future.at\/blog\/wp-content\/uploads\/2025\/01\/Jugend-Zitate-2.jpg 1023w, https:\/\/www.future.at\/blog\/wp-content\/uploads\/2025\/01\/Jugend-Zitate-2-300x95.jpg 300w, https:\/\/www.future.at\/blog\/wp-content\/uploads\/2025\/01\/Jugend-Zitate-2-768x243.jpg 768w\" sizes=\"auto, (max-width: 1023px) 100vw, 1023px\" \/><\/figure>\n\n\n\n<p class=\"p1\"><\/p>\n\n\n\n<br class=\"\u201cclear\u201d\">\n\n\n<p class=\"p1\"><strong>Weiterf\u00fchrende Angebote:<\/strong><\/p>\n<ul>\n<li>Die <a href=\"https:\/\/www.future.at\/angebot\/online-infoveranstaltung-zu-den-future-angeboten-fuer-jugendliche\/\">Online-Infoveranstaltung zu den FUTURE-Angeboten f\u00fcr Jugendliche<\/a> mit Susanne Plaschka und Lisa Canal findet am 24.04. via zoom statt.<\/li>\n<li>Folge uns auf dem <a href=\"https:\/\/www.instagram.com\/future_jugend?igsh=MXVmdThwYjh0OTRicA%3D%3D\">Instagram-Kanal mit Inhalten f\u00fcr Jugendliche<\/a> mit sch\u00f6nen Impulsen und Hinweisen.<\/li>\n<\/ul>\n\n\n<br class=\"\u201cclear\u201d\">\n\n\n<p>\u00dcber die Autorinnen:<\/p>\n<p><img loading=\"lazy\" decoding=\"async\" class=\"alignnone wp-image-3228 \" src=\"https:\/\/www.future.at\/blog\/wp-content\/uploads\/2025\/01\/Trainerinnen.jpg\" alt=\"\" width=\"300\" height=\"150\" srcset=\"https:\/\/www.future.at\/blog\/wp-content\/uploads\/2025\/01\/Trainerinnen.jpg 768w, https:\/\/www.future.at\/blog\/wp-content\/uploads\/2025\/01\/Trainerinnen-300x150.jpg 300w\" sizes=\"auto, (max-width: 300px) 100vw, 300px\" \/><\/p>\n<p class=\"p1\"><a href=\"https:\/\/www.future.at\/team\/trainer\/lisa-canal\/\">Lisa Canal<\/a> und <a href=\"https:\/\/www.future.at\/team\/trainer\/susanne-plaschka\/\">Susanne Plaschka<\/a> sind langj\u00e4hrige FUTURE\u00ae-Trainerin und FUTURE-Coaches. Ein gro\u00dfes Anliegen ihrer Arbeit ist, dass junge Erwachsene die F\u00e4higkeiten an die Hand bekommen, um sich zu gesunden und gl\u00fccklichen Erwachsenen entwickeln zu k\u00f6nnen.\u00a0<\/p>\n\n\n<p><\/p>\n\n\n\n<p><\/p>\n\n\n\n<p><\/p>\n","protected":false},"excerpt":{"rendered":"<p>Weit und eng zugleich Von Future-Trainerinnen Lisa Canal und Susanne Plaschka Stellen Sie sich vor, Sie \u201eswipen\u201c durch eine Vielzahl &hellip; <\/p>\n<p class=\"link-more\"><a href=\"https:\/\/www.future.at\/blog\/die-welt-der-jungen-erwachsenen\/\" class=\"more-link\">Weiterlesen<span class=\"screen-reader-text\"> &#8222;Die Welt der jungen Erwachsenen&#8220;<\/span><\/a><\/p>\n","protected":false},"author":21,"featured_media":3221,"comment_status":"open","ping_status":"closed","sticky":false,"template":"","format":"standard","meta":{"jetpack_post_was_ever_published":false,"_jetpack_newsletter_access":"","_jetpack_dont_email_post_to_subs":false,"_jetpack_newsletter_tier_id":0,"_jetpack_memberships_contains_paywalled_content":false,"_jetpack_memberships_contains_paid_content":false,"footnotes":""},"categories":[4,9],"tags":[160,51],"coauthors":[336],"class_list":["post-3209","post","type-post","status-publish","format-standard","has-post-thumbnail","hentry","category-coaching","category-leadership","tag-coaching","tag-leadership"],"yoast_head":"<!-- This site is optimized with the Yoast SEO plugin v27.5 - https:\/\/yoast.com\/product\/yoast-seo-wordpress\/ -->\n<title>Die Welt der jungen Erwachsenen - FUTURE-Blog<\/title>\n<meta name=\"description\" content=\"Die Welt hat sich durch die Digitalisierung enorm ver\u00e4ndert. Sie scheint vor allem f\u00fcr Jugendliche und junge Erwachsene eng &amp; weit zugleich.\" \/>\n<meta name=\"robots\" content=\"index, follow, max-snippet:-1, max-image-preview:large, max-video-preview:-1\" \/>\n<link rel=\"canonical\" href=\"https:\/\/www.future.at\/blog\/die-welt-der-jungen-erwachsenen\/\" \/>\n<meta property=\"og:locale\" content=\"de_DE\" \/>\n<meta property=\"og:type\" content=\"article\" \/>\n<meta property=\"og:title\" content=\"Die Welt der jungen Erwachsenen - FUTURE-Blog\" \/>\n<meta property=\"og:description\" content=\"Die Welt hat sich durch die Digitalisierung enorm ver\u00e4ndert. Sie scheint vor allem f\u00fcr Jugendliche und junge Erwachsene eng &amp; weit zugleich.\" \/>\n<meta property=\"og:url\" content=\"https:\/\/www.future.at\/blog\/die-welt-der-jungen-erwachsenen\/\" \/>\n<meta property=\"og:site_name\" content=\"FUTURE-Blog\" \/>\n<meta property=\"article:publisher\" content=\"https:\/\/www.facebook.com\/FUTURE.at\/\" \/>\n<meta property=\"article:published_time\" content=\"2025-01-26T18:29:56+00:00\" \/>\n<meta property=\"article:modified_time\" content=\"2025-01-27T20:22:11+00:00\" \/>\n<meta property=\"og:image\" content=\"https:\/\/www.future.at\/blog\/wp-content\/uploads\/2025\/01\/Die-Welt-der-Jugendlichen1.jpg\" \/>\n\t<meta property=\"og:image:width\" content=\"1000\" \/>\n\t<meta property=\"og:image:height\" content=\"533\" \/>\n\t<meta property=\"og:image:type\" content=\"image\/jpeg\" \/>\n<meta name=\"author\" content=\"Susanne Plaschka\" \/>\n<meta name=\"twitter:card\" content=\"summary_large_image\" \/>\n<meta name=\"twitter:creator\" content=\"@FUTURE_GmbH\" \/>\n<meta name=\"twitter:site\" content=\"@FUTURE_GmbH\" \/>\n<meta name=\"twitter:label1\" content=\"Verfasst von\" \/>\n\t<meta name=\"twitter:data1\" content=\"Susanne Plaschka\" \/>\n\t<meta name=\"twitter:label2\" content=\"Gesch\u00e4tzte Lesezeit\" \/>\n\t<meta name=\"twitter:data2\" content=\"1\u00a0Minute\" \/>\n\t<meta name=\"twitter:label3\" content=\"Written by\" \/>\n\t<meta name=\"twitter:data3\" content=\"Susanne Plaschka\" \/>\n<script type=\"application\/ld+json\" class=\"yoast-schema-graph\">{\"@context\":\"https:\\\/\\\/schema.org\",\"@graph\":[{\"@type\":\"Article\",\"@id\":\"https:\\\/\\\/www.future.at\\\/blog\\\/die-welt-der-jungen-erwachsenen\\\/#article\",\"isPartOf\":{\"@id\":\"https:\\\/\\\/www.future.at\\\/blog\\\/die-welt-der-jungen-erwachsenen\\\/\"},\"author\":{\"name\":\"Susanne Plaschka\",\"@id\":\"https:\\\/\\\/www.future.at\\\/blog\\\/#\\\/schema\\\/person\\\/0eced39c12715b94ae80bd0b8f312f65\"},\"headline\":\"Die Welt der jungen Erwachsenen\",\"datePublished\":\"2025-01-26T18:29:56+00:00\",\"dateModified\":\"2025-01-27T20:22:11+00:00\",\"mainEntityOfPage\":{\"@id\":\"https:\\\/\\\/www.future.at\\\/blog\\\/die-welt-der-jungen-erwachsenen\\\/\"},\"wordCount\":765,\"commentCount\":0,\"publisher\":{\"@id\":\"https:\\\/\\\/www.future.at\\\/blog\\\/#organization\"},\"image\":{\"@id\":\"https:\\\/\\\/www.future.at\\\/blog\\\/die-welt-der-jungen-erwachsenen\\\/#primaryimage\"},\"thumbnailUrl\":\"https:\\\/\\\/www.future.at\\\/blog\\\/wp-content\\\/uploads\\\/2025\\\/01\\\/Die-Welt-der-Jugendlichen1.jpg\",\"keywords\":[\"coaching\",\"Leadership\"],\"articleSection\":[\"Coaching\",\"Leadership\"],\"inLanguage\":\"de\",\"potentialAction\":[{\"@type\":\"CommentAction\",\"name\":\"Comment\",\"target\":[\"https:\\\/\\\/www.future.at\\\/blog\\\/die-welt-der-jungen-erwachsenen\\\/#respond\"]}]},{\"@type\":\"WebPage\",\"@id\":\"https:\\\/\\\/www.future.at\\\/blog\\\/die-welt-der-jungen-erwachsenen\\\/\",\"url\":\"https:\\\/\\\/www.future.at\\\/blog\\\/die-welt-der-jungen-erwachsenen\\\/\",\"name\":\"Die Welt der jungen Erwachsenen - FUTURE-Blog\",\"isPartOf\":{\"@id\":\"https:\\\/\\\/www.future.at\\\/blog\\\/#website\"},\"primaryImageOfPage\":{\"@id\":\"https:\\\/\\\/www.future.at\\\/blog\\\/die-welt-der-jungen-erwachsenen\\\/#primaryimage\"},\"image\":{\"@id\":\"https:\\\/\\\/www.future.at\\\/blog\\\/die-welt-der-jungen-erwachsenen\\\/#primaryimage\"},\"thumbnailUrl\":\"https:\\\/\\\/www.future.at\\\/blog\\\/wp-content\\\/uploads\\\/2025\\\/01\\\/Die-Welt-der-Jugendlichen1.jpg\",\"datePublished\":\"2025-01-26T18:29:56+00:00\",\"dateModified\":\"2025-01-27T20:22:11+00:00\",\"description\":\"Die Welt hat sich durch die Digitalisierung enorm ver\u00e4ndert. Sie scheint vor allem f\u00fcr Jugendliche und junge Erwachsene eng & weit zugleich.\",\"breadcrumb\":{\"@id\":\"https:\\\/\\\/www.future.at\\\/blog\\\/die-welt-der-jungen-erwachsenen\\\/#breadcrumb\"},\"inLanguage\":\"de\",\"potentialAction\":[{\"@type\":\"ReadAction\",\"target\":[\"https:\\\/\\\/www.future.at\\\/blog\\\/die-welt-der-jungen-erwachsenen\\\/\"]}]},{\"@type\":\"ImageObject\",\"inLanguage\":\"de\",\"@id\":\"https:\\\/\\\/www.future.at\\\/blog\\\/die-welt-der-jungen-erwachsenen\\\/#primaryimage\",\"url\":\"https:\\\/\\\/www.future.at\\\/blog\\\/wp-content\\\/uploads\\\/2025\\\/01\\\/Die-Welt-der-Jugendlichen1.jpg\",\"contentUrl\":\"https:\\\/\\\/www.future.at\\\/blog\\\/wp-content\\\/uploads\\\/2025\\\/01\\\/Die-Welt-der-Jugendlichen1.jpg\",\"width\":1000,\"height\":533,\"caption\":\"Young excited man in helmet experiencing virtual reality\"},{\"@type\":\"BreadcrumbList\",\"@id\":\"https:\\\/\\\/www.future.at\\\/blog\\\/die-welt-der-jungen-erwachsenen\\\/#breadcrumb\",\"itemListElement\":[{\"@type\":\"ListItem\",\"position\":1,\"name\":\"Home\",\"item\":\"https:\\\/\\\/www.future.at\\\/blog\\\/\"},{\"@type\":\"ListItem\",\"position\":2,\"name\":\"Die Welt der jungen Erwachsenen\"}]},{\"@type\":\"WebSite\",\"@id\":\"https:\\\/\\\/www.future.at\\\/blog\\\/#website\",\"url\":\"https:\\\/\\\/www.future.at\\\/blog\\\/\",\"name\":\"FUTURE-Blog\",\"description\":\"Inspiration und Impulse zu Leadership, Coaching, Unternehmenskultur und Erwachsenenbildung \u2013 Finden Sie hier Best Practice Beispiele\",\"publisher\":{\"@id\":\"https:\\\/\\\/www.future.at\\\/blog\\\/#organization\"},\"potentialAction\":[{\"@type\":\"SearchAction\",\"target\":{\"@type\":\"EntryPoint\",\"urlTemplate\":\"https:\\\/\\\/www.future.at\\\/blog\\\/?s={search_term_string}\"},\"query-input\":{\"@type\":\"PropertyValueSpecification\",\"valueRequired\":true,\"valueName\":\"search_term_string\"}}],\"inLanguage\":\"de\"},{\"@type\":\"Organization\",\"@id\":\"https:\\\/\\\/www.future.at\\\/blog\\\/#organization\",\"name\":\"FUTURE Training Beratung Coaching GmbH\",\"url\":\"https:\\\/\\\/www.future.at\\\/blog\\\/\",\"logo\":{\"@type\":\"ImageObject\",\"inLanguage\":\"de\",\"@id\":\"https:\\\/\\\/www.future.at\\\/blog\\\/#\\\/schema\\\/logo\\\/image\\\/\",\"url\":\"https:\\\/\\\/www.future.at\\\/blog\\\/wp-content\\\/uploads\\\/2017\\\/11\\\/FUTURE-Logo-klein-RGB.jpg\",\"contentUrl\":\"https:\\\/\\\/www.future.at\\\/blog\\\/wp-content\\\/uploads\\\/2017\\\/11\\\/FUTURE-Logo-klein-RGB.jpg\",\"width\":500,\"height\":179,\"caption\":\"FUTURE Training Beratung Coaching GmbH\"},\"image\":{\"@id\":\"https:\\\/\\\/www.future.at\\\/blog\\\/#\\\/schema\\\/logo\\\/image\\\/\"},\"sameAs\":[\"https:\\\/\\\/www.facebook.com\\\/FUTURE.at\\\/\",\"https:\\\/\\\/x.com\\\/FUTURE_GmbH\",\"https:\\\/\\\/www.linkedin.com\\\/company\\\/future-coaching-academy-international\\\/\",\"https:\\\/\\\/www.youtube.com\\\/channel\\\/UCzdc9s_FUYJx4_rtNvUYNKQ?view_as=subscriber\"]},{\"@type\":\"Person\",\"@id\":\"https:\\\/\\\/www.future.at\\\/blog\\\/#\\\/schema\\\/person\\\/0eced39c12715b94ae80bd0b8f312f65\",\"name\":\"Susanne Plaschka\",\"sameAs\":[\"https:\\\/\\\/www.future.at\\\/team\\\/trainer\\\/susanne-plaschka\\\/\"],\"url\":\"https:\\\/\\\/www.future.at\\\/blog\\\/author\\\/susanne_plaschka\\\/\"}]}<\/script>\n<!-- \/ Yoast SEO plugin. -->","yoast_head_json":{"title":"Die Welt der jungen Erwachsenen - FUTURE-Blog","description":"Die Welt hat sich durch die Digitalisierung enorm ver\u00e4ndert. Sie scheint vor allem f\u00fcr Jugendliche und junge Erwachsene eng & weit zugleich.","robots":{"index":"index","follow":"follow","max-snippet":"max-snippet:-1","max-image-preview":"max-image-preview:large","max-video-preview":"max-video-preview:-1"},"canonical":"https:\/\/www.future.at\/blog\/die-welt-der-jungen-erwachsenen\/","og_locale":"de_DE","og_type":"article","og_title":"Die Welt der jungen Erwachsenen - FUTURE-Blog","og_description":"Die Welt hat sich durch die Digitalisierung enorm ver\u00e4ndert. Sie scheint vor allem f\u00fcr Jugendliche und junge Erwachsene eng & weit zugleich.","og_url":"https:\/\/www.future.at\/blog\/die-welt-der-jungen-erwachsenen\/","og_site_name":"FUTURE-Blog","article_publisher":"https:\/\/www.facebook.com\/FUTURE.at\/","article_published_time":"2025-01-26T18:29:56+00:00","article_modified_time":"2025-01-27T20:22:11+00:00","og_image":[{"width":1000,"height":533,"url":"https:\/\/www.future.at\/blog\/wp-content\/uploads\/2025\/01\/Die-Welt-der-Jugendlichen1.jpg","type":"image\/jpeg"}],"author":"Susanne Plaschka","twitter_card":"summary_large_image","twitter_creator":"@FUTURE_GmbH","twitter_site":"@FUTURE_GmbH","twitter_misc":{"Verfasst von":"Susanne Plaschka","Gesch\u00e4tzte Lesezeit":"1\u00a0Minute","Written by":"Susanne Plaschka"},"schema":{"@context":"https:\/\/schema.org","@graph":[{"@type":"Article","@id":"https:\/\/www.future.at\/blog\/die-welt-der-jungen-erwachsenen\/#article","isPartOf":{"@id":"https:\/\/www.future.at\/blog\/die-welt-der-jungen-erwachsenen\/"},"author":{"name":"Susanne Plaschka","@id":"https:\/\/www.future.at\/blog\/#\/schema\/person\/0eced39c12715b94ae80bd0b8f312f65"},"headline":"Die Welt der jungen Erwachsenen","datePublished":"2025-01-26T18:29:56+00:00","dateModified":"2025-01-27T20:22:11+00:00","mainEntityOfPage":{"@id":"https:\/\/www.future.at\/blog\/die-welt-der-jungen-erwachsenen\/"},"wordCount":765,"commentCount":0,"publisher":{"@id":"https:\/\/www.future.at\/blog\/#organization"},"image":{"@id":"https:\/\/www.future.at\/blog\/die-welt-der-jungen-erwachsenen\/#primaryimage"},"thumbnailUrl":"https:\/\/www.future.at\/blog\/wp-content\/uploads\/2025\/01\/Die-Welt-der-Jugendlichen1.jpg","keywords":["coaching","Leadership"],"articleSection":["Coaching","Leadership"],"inLanguage":"de","potentialAction":[{"@type":"CommentAction","name":"Comment","target":["https:\/\/www.future.at\/blog\/die-welt-der-jungen-erwachsenen\/#respond"]}]},{"@type":"WebPage","@id":"https:\/\/www.future.at\/blog\/die-welt-der-jungen-erwachsenen\/","url":"https:\/\/www.future.at\/blog\/die-welt-der-jungen-erwachsenen\/","name":"Die Welt der jungen Erwachsenen - FUTURE-Blog","isPartOf":{"@id":"https:\/\/www.future.at\/blog\/#website"},"primaryImageOfPage":{"@id":"https:\/\/www.future.at\/blog\/die-welt-der-jungen-erwachsenen\/#primaryimage"},"image":{"@id":"https:\/\/www.future.at\/blog\/die-welt-der-jungen-erwachsenen\/#primaryimage"},"thumbnailUrl":"https:\/\/www.future.at\/blog\/wp-content\/uploads\/2025\/01\/Die-Welt-der-Jugendlichen1.jpg","datePublished":"2025-01-26T18:29:56+00:00","dateModified":"2025-01-27T20:22:11+00:00","description":"Die Welt hat sich durch die Digitalisierung enorm ver\u00e4ndert. Sie scheint vor allem f\u00fcr Jugendliche und junge Erwachsene eng & weit zugleich.","breadcrumb":{"@id":"https:\/\/www.future.at\/blog\/die-welt-der-jungen-erwachsenen\/#breadcrumb"},"inLanguage":"de","potentialAction":[{"@type":"ReadAction","target":["https:\/\/www.future.at\/blog\/die-welt-der-jungen-erwachsenen\/"]}]},{"@type":"ImageObject","inLanguage":"de","@id":"https:\/\/www.future.at\/blog\/die-welt-der-jungen-erwachsenen\/#primaryimage","url":"https:\/\/www.future.at\/blog\/wp-content\/uploads\/2025\/01\/Die-Welt-der-Jugendlichen1.jpg","contentUrl":"https:\/\/www.future.at\/blog\/wp-content\/uploads\/2025\/01\/Die-Welt-der-Jugendlichen1.jpg","width":1000,"height":533,"caption":"Young excited man in helmet experiencing virtual reality"},{"@type":"BreadcrumbList","@id":"https:\/\/www.future.at\/blog\/die-welt-der-jungen-erwachsenen\/#breadcrumb","itemListElement":[{"@type":"ListItem","position":1,"name":"Home","item":"https:\/\/www.future.at\/blog\/"},{"@type":"ListItem","position":2,"name":"Die Welt der jungen Erwachsenen"}]},{"@type":"WebSite","@id":"https:\/\/www.future.at\/blog\/#website","url":"https:\/\/www.future.at\/blog\/","name":"FUTURE-Blog","description":"Inspiration und Impulse zu Leadership, Coaching, Unternehmenskultur und Erwachsenenbildung \u2013 Finden Sie hier Best Practice Beispiele","publisher":{"@id":"https:\/\/www.future.at\/blog\/#organization"},"potentialAction":[{"@type":"SearchAction","target":{"@type":"EntryPoint","urlTemplate":"https:\/\/www.future.at\/blog\/?s={search_term_string}"},"query-input":{"@type":"PropertyValueSpecification","valueRequired":true,"valueName":"search_term_string"}}],"inLanguage":"de"},{"@type":"Organization","@id":"https:\/\/www.future.at\/blog\/#organization","name":"FUTURE Training Beratung Coaching GmbH","url":"https:\/\/www.future.at\/blog\/","logo":{"@type":"ImageObject","inLanguage":"de","@id":"https:\/\/www.future.at\/blog\/#\/schema\/logo\/image\/","url":"https:\/\/www.future.at\/blog\/wp-content\/uploads\/2017\/11\/FUTURE-Logo-klein-RGB.jpg","contentUrl":"https:\/\/www.future.at\/blog\/wp-content\/uploads\/2017\/11\/FUTURE-Logo-klein-RGB.jpg","width":500,"height":179,"caption":"FUTURE Training Beratung Coaching GmbH"},"image":{"@id":"https:\/\/www.future.at\/blog\/#\/schema\/logo\/image\/"},"sameAs":["https:\/\/www.facebook.com\/FUTURE.at\/","https:\/\/x.com\/FUTURE_GmbH","https:\/\/www.linkedin.com\/company\/future-coaching-academy-international\/","https:\/\/www.youtube.com\/channel\/UCzdc9s_FUYJx4_rtNvUYNKQ?view_as=subscriber"]},{"@type":"Person","@id":"https:\/\/www.future.at\/blog\/#\/schema\/person\/0eced39c12715b94ae80bd0b8f312f65","name":"Susanne Plaschka","sameAs":["https:\/\/www.future.at\/team\/trainer\/susanne-plaschka\/"],"url":"https:\/\/www.future.at\/blog\/author\/susanne_plaschka\/"}]}},"jetpack_featured_media_url":"https:\/\/www.future.at\/blog\/wp-content\/uploads\/2025\/01\/Die-Welt-der-Jugendlichen1.jpg","jetpack_shortlink":"https:\/\/wp.me\/p9f2Ut-PL","jetpack_sharing_enabled":true,"_links":{"self":[{"href":"https:\/\/www.future.at\/blog\/wp-json\/wp\/v2\/posts\/3209","targetHints":{"allow":["GET"]}}],"collection":[{"href":"https:\/\/www.future.at\/blog\/wp-json\/wp\/v2\/posts"}],"about":[{"href":"https:\/\/www.future.at\/blog\/wp-json\/wp\/v2\/types\/post"}],"author":[{"embeddable":true,"href":"https:\/\/www.future.at\/blog\/wp-json\/wp\/v2\/users\/21"}],"replies":[{"embeddable":true,"href":"https:\/\/www.future.at\/blog\/wp-json\/wp\/v2\/comments?post=3209"}],"version-history":[{"count":24,"href":"https:\/\/www.future.at\/blog\/wp-json\/wp\/v2\/posts\/3209\/revisions"}],"predecessor-version":[{"id":3249,"href":"https:\/\/www.future.at\/blog\/wp-json\/wp\/v2\/posts\/3209\/revisions\/3249"}],"wp:featuredmedia":[{"embeddable":true,"href":"https:\/\/www.future.at\/blog\/wp-json\/wp\/v2\/media\/3221"}],"wp:attachment":[{"href":"https:\/\/www.future.at\/blog\/wp-json\/wp\/v2\/media?parent=3209"}],"wp:term":[{"taxonomy":"category","embeddable":true,"href":"https:\/\/www.future.at\/blog\/wp-json\/wp\/v2\/categories?post=3209"},{"taxonomy":"post_tag","embeddable":true,"href":"https:\/\/www.future.at\/blog\/wp-json\/wp\/v2\/tags?post=3209"},{"taxonomy":"author","embeddable":true,"href":"https:\/\/www.future.at\/blog\/wp-json\/wp\/v2\/coauthors?post=3209"}],"curies":[{"name":"wp","href":"https:\/\/api.w.org\/{rel}","templated":true}]}}