
{"id":60,"date":"2017-12-11T10:00:59","date_gmt":"2017-12-11T09:00:59","guid":{"rendered":"https:\/\/www.future.at\/blog\/?p=60"},"modified":"2023-12-27T12:32:28","modified_gmt":"2023-12-27T11:32:28","slug":"das-jaehrliche-mitarbeitergespraech","status":"publish","type":"post","link":"https:\/\/www.future.at\/blog\/das-jaehrliche-mitarbeitergespraech\/","title":{"rendered":"Das j\u00e4hrliche Mitarbeitergespr\u00e4ch"},"content":{"rendered":"<p><em><img loading=\"lazy\" decoding=\"async\" class=\"alignleft wp-image-121 size-medium\" title=\"Mitarbeitergespr\u00e4ch\" src=\"https:\/\/www.future.at\/blog\/wp-content\/uploads\/2017\/07\/Das-j\u00e4hrliche-Mitarbeitergespr\u00e4ch_700x460-300x197.jpg\" alt=\"Mitarbeitergespr\u00e4ch\" width=\"300\" height=\"197\" srcset=\"https:\/\/www.future.at\/blog\/wp-content\/uploads\/2017\/07\/Das-j\u00e4hrliche-Mitarbeitergespr\u00e4ch_700x460-300x197.jpg 300w, https:\/\/www.future.at\/blog\/wp-content\/uploads\/2017\/07\/Das-j\u00e4hrliche-Mitarbeitergespr\u00e4ch_700x460-90x60.jpg 90w, https:\/\/www.future.at\/blog\/wp-content\/uploads\/2017\/07\/Das-j\u00e4hrliche-Mitarbeitergespr\u00e4ch_700x460.jpg 700w\" sizes=\"auto, (max-width: 300px) 100vw, 300px\" \/>\u201eEin Mal pro Jahr Mitarbeitergespr\u00e4ch. Ein Mal pro Jahr ein Gespr\u00e4ch f\u00fcr zwei Stunden, das wir vor uns herschieben, als l\u00e4stig ansehen und nie so wirklich wissen, was wir besprechen sollen. Meistens driften wir dann ins Operative ab, da haben wir uns etwas zu erz\u00e4hlen. Ein paar anhand von Zahlen messbare Ziele werden dokumentiert. Du versuchst mir dann noch zu erkl\u00e4re<\/em><em>n, was ich mal falsch gemacht habe, ich erkl\u00e4re lang und breit, wie es dazu kam. Danach lobst du mich im Gro\u00dfen und Ganzen. Abschlie\u00dfend das m\u00fchselige Thema der Gehaltserh\u00f6hung und endlich k\u00f6nnen wir den Nachweis des durchgef\u00fchrten Mitarbeitergespr\u00e4chs an die Personalabteilung weiterleiten. Und wir sind froh, ich als Mitarbeiter und du als F\u00fchrungskraft, dass wir es wieder einmal hinter uns gebracht haben.<\/em>\u201c<\/p>\n<p>\u201e<em>N\u00e4chste Woche habe ich mein j\u00e4hrliches Mitarbeitergespr\u00e4ch. Ich freue mich darauf und bin gespannt, was dieses Mal Neues entsteht. Seit wir unsere Gespr\u00e4che auf diese Art f\u00fchren, arbeiten wir viel enger zusammen. Wir wissen, was wir voneinander brauchen, um bestm\u00f6glich arbeiten zu k\u00f6nnen. Wir bremsen uns nicht mehr, sondern denken gemeinsam weiter.<\/em>\u201c<\/p>\n<h2>Ein Mitarbeitergespr\u00e4ch gelingt, wenn es auf Basis von Motivationsfaktoren gef\u00fchrt wird<\/h2>\n<p>Die obligatorische Frage, welcher Kommentar eines Mitarbeiters zum Mitarbeitergespr\u00e4ch Ihnen lieber ist, spare ich mir. Seit Jahren schule ich, Antje Klimek, F\u00fchrungskr\u00e4fte in der Durchf\u00fchrung des Mitarbeitergespr\u00e4chs, dessen Besprechungsfelder ich an den Motivationsfaktoren orientiere. Die Faktoren, die uns in unserem Mensch-Sein wirklich motivieren, den bestm\u00f6glichen Beitrag zu leisten.<\/p>\n<p>Selbstverst\u00e4ndlich geht es in dem Gespr\u00e4ch um Ziele, denn ohne Ziele keine Richtung, kein Erfolg. Aber gibt es nicht auch pers\u00f6nliche Entwicklungsziele, die sehr gewinnbringend sein k\u00f6nnen? Und auch selbstverst\u00e4ndlich der gemeinsame Blick auf den Arbeitsplatz und damit verbundene demotivierende Faktoren. Aber eben nicht nur.<\/p>\n<p><img loading=\"lazy\" decoding=\"async\" class=\"size-large wp-image-397 aligncenter\" src=\"https:\/\/www.future.at\/blog\/wp-content\/uploads\/2017\/12\/Mitarbeitergespra\u0308ch-auf-Augenho\u0308he_Wertscha\u0308tzung-fu\u0308r-das-Individuelle-1024x263.png\" alt=\"Mitarbeitergespra\u0308ch auf Augenho\u0308he_Wertscha\u0308tzung fu\u0308r das Individuelle\" width=\"870\" height=\"223\" srcset=\"https:\/\/www.future.at\/blog\/wp-content\/uploads\/2017\/12\/Mitarbeitergespra\u0308ch-auf-Augenho\u0308he_Wertscha\u0308tzung-fu\u0308r-das-Individuelle.png 1024w, https:\/\/www.future.at\/blog\/wp-content\/uploads\/2017\/12\/Mitarbeitergespra\u0308ch-auf-Augenho\u0308he_Wertscha\u0308tzung-fu\u0308r-das-Individuelle-300x77.png 300w, https:\/\/www.future.at\/blog\/wp-content\/uploads\/2017\/12\/Mitarbeitergespra\u0308ch-auf-Augenho\u0308he_Wertscha\u0308tzung-fu\u0308r-das-Individuelle-768x197.png 768w\" sizes=\"auto, (max-width: 870px) 100vw, 870px\" \/><\/p>\n<p>Was ist das Einzigartige an Ihrem Mitarbeiter? Wo hinterl\u00e4sst Ihre Mitarbeiterin individuelle Spuren? Demotivierend ist, sich austauschbar zu f\u00fchlen. Austauschbarkeit macht krank. Die Arbeitskraft ist ersetzbar, der Mensch, der sich mit seiner Besonderheit einbringt, nie.<\/p>\n<p>Empfindet Ihre Mitarbeiterin ihre Aufgaben als sinnvoll und sinnstiftend? Als sinnlos empfundene T\u00e4tigkeiten demotivieren. Aufgaben, die nicht zu Ende gebracht werden k\u00f6nnen, bremsen und hindern am kraftvollen Starten ins n\u00e4chste Projekt. Hat Ihre Mitarbeiterin die M\u00f6glichkeit, Projekte und Themen abzuschlie\u00dfen? Oder bleiben Themen fast vollendet in der Wiedervorlage h\u00e4ngen?<\/p>\n<p><img loading=\"lazy\" decoding=\"async\" class=\"size-medium wp-image-403 alignright\" src=\"https:\/\/www.future.at\/blog\/wp-content\/uploads\/2017\/12\/Mitarbeitergespra\u0308ch-300x199.jpg\" alt=\"Mitarbeitergespra\u0308ch richtig f\u00fchren\" width=\"300\" height=\"199\" srcset=\"https:\/\/www.future.at\/blog\/wp-content\/uploads\/2017\/12\/Mitarbeitergespra\u0308ch-300x199.jpg 300w, https:\/\/www.future.at\/blog\/wp-content\/uploads\/2017\/12\/Mitarbeitergespra\u0308ch-768x509.jpg 768w, https:\/\/www.future.at\/blog\/wp-content\/uploads\/2017\/12\/Mitarbeitergespra\u0308ch-1024x678.jpg 1024w, https:\/\/www.future.at\/blog\/wp-content\/uploads\/2017\/12\/Mitarbeitergespra\u0308ch-90x60.jpg 90w\" sizes=\"auto, (max-width: 300px) 100vw, 300px\" \/>Ist Ihr Mitarbeiter \u00fcber- oder gar unterfordert? Wenn ich einen Menschen mit seinen F\u00e4higkeiten und Potenzialen dauerhaft unterfordere, ist das eine Verletzung gleich einer Erniedrigung. Beides verursacht negativen Stress, die Unterforderung wirkt sich durch die Missachtung der Potenziale noch negativer auf die geforderte Arbeitsleistung aus, als die \u00dcberforderung.<\/p>\n<h2>Jeder Mensch braucht eine individuelle Art der F\u00fchrung<\/h2>\n<p>F\u00fchren Sie Ihre Mitarbeiterin so, dass sie sich bestm\u00f6glich entfalten und Verantwortung f\u00fcr ihren Bereich \u00fcbernehmen kann? Jeder Mensch braucht seine besondere Art der F\u00fchrung: manche ben\u00f6tigen klare Anweisungen und Strukturen, manche nur die Zielvorgabe, manche brauchen eine Kontrollinstanz, manche wiederum einen Coach, um \u00fcber sich hinaus zu wachsen. In einem Mitarbeitergespr\u00e4ch haben Sie als F\u00fchrungskraft die M\u00f6glichkeit, zu erfahren, was konkret Ihr Mitarbeiter von Ihnen braucht, damit er in die Verantwortung gehen kann. Sie bekommen die Chance, sich als F\u00fchrungskraft zu reflektieren und in Ihrer F\u00fchrungskompetenz zu wachsen.<\/p>\n<p><img loading=\"lazy\" decoding=\"async\" class=\"size-large wp-image-400 aligncenter\" src=\"https:\/\/www.future.at\/blog\/wp-content\/uploads\/2017\/12\/Mitarbeitergespra\u0308ch_Feedback-fu\u0308r-die-Fu\u0308hrungskraft-1024x400.png\" alt=\"Mitarbeitergespra\u0308ch_Feedback fu\u0308r die Fu\u0308hrungskraft\" width=\"870\" height=\"340\" srcset=\"https:\/\/www.future.at\/blog\/wp-content\/uploads\/2017\/12\/Mitarbeitergespra\u0308ch_Feedback-fu\u0308r-die-Fu\u0308hrungskraft.png 1024w, https:\/\/www.future.at\/blog\/wp-content\/uploads\/2017\/12\/Mitarbeitergespra\u0308ch_Feedback-fu\u0308r-die-Fu\u0308hrungskraft-300x117.png 300w, https:\/\/www.future.at\/blog\/wp-content\/uploads\/2017\/12\/Mitarbeitergespra\u0308ch_Feedback-fu\u0308r-die-Fu\u0308hrungskraft-768x300.png 768w\" sizes=\"auto, (max-width: 870px) 100vw, 870px\" \/><\/p>\n<p>Wenn Sie sich in einem Mitarbeitergespr\u00e4ch an diesen und weiteren Motivationsfaktoren, wie z.B. mein Platz im Team, hilfreicher Informationsfluss, pers\u00f6nliche Entwicklung, Aufgabenstimmigkeit und f\u00f6rderliche Kommunikation ausrichten, findet ein intensiver Austausch zwischen zwei Menschen statt: Die Basis f\u00fcr eine vertrauensvolle, wertsch\u00f6pfende, kraftvolle Zusammenarbeit.<\/p>\n<p>Ich darf seit vielen Jahren Unternehmen erleben, deren F\u00fchrungskr\u00e4fte &#8211; und sogar Mitarbeiter &#8211; ich zu dem Mitarbeitergespr\u00e4ch auf Basis der Motivationsfaktoren schule. Das regelm\u00e4\u00dfige Feedback, dass sich durch diesen Blickwinkel langfristig die gesamte Gespr\u00e4chs- und Umgangskultur in den Unternehmen zum positiven ver\u00e4ndert, freut und best\u00e4rkt mich in meiner Ausrichtung.<\/p>\n<p><img loading=\"lazy\" decoding=\"async\" class=\"size-medium wp-image-120 alignleft\" src=\"https:\/\/www.future.at\/blog\/wp-content\/uploads\/2017\/10\/Antje-Klimek.jpg\" alt=\"Antje Klimek\" width=\"100\" height=\"68\" \/><\/p>\n<div>Antje Klimek<br \/>\nWas ist Ihr Geheimnis f\u00fcr ein erfolgreiches Mitarbeitergespr\u00e4ch?<br \/>\nWas sind Ihre Erwartungen als Mitarbeiter?<br \/>\nIch freue mich \u00fcber einen Kommentar von Ihnen!<\/div>\n","protected":false},"excerpt":{"rendered":"<p>\u201eEin Mal pro Jahr Mitarbeitergespr\u00e4ch. Ein Mal pro Jahr ein Gespr\u00e4ch f\u00fcr zwei Stunden, das wir vor uns herschieben, als &hellip; <\/p>\n<p class=\"link-more\"><a href=\"https:\/\/www.future.at\/blog\/das-jaehrliche-mitarbeitergespraech\/\" class=\"more-link\">Weiterlesen<span class=\"screen-reader-text\"> &#8222;Das j\u00e4hrliche Mitarbeitergespr\u00e4ch&#8220;<\/span><\/a><\/p>\n","protected":false},"author":7,"featured_media":121,"comment_status":"open","ping_status":"open","sticky":false,"template":"","format":"standard","meta":{"jetpack_post_was_ever_published":false,"_jetpack_newsletter_access":"","_jetpack_dont_email_post_to_subs":false,"_jetpack_newsletter_tier_id":0,"_jetpack_memberships_contains_paywalled_content":false,"_jetpack_memberships_contains_paid_content":false,"footnotes":""},"categories":[9],"tags":[78,12,14,15,87,80,83,76,10,79,73,77,56,85,84,86,75,82,16,74,81,13,11],"coauthors":[358],"class_list":["post-60","post","type-post","status-publish","format-standard","has-post-thumbnail","hentry","category-leadership","tag-ablauf-mitarbeitergespraech","tag-entwicklungsziele","tag-feedback","tag-feedbackgespraech","tag-fuehrungsinstrument","tag-gespraechsfuehrung","tag-jahresgespraech","tag-leitfaden-mitarbeitergespraech","tag-mitarbeitergespraech","tag-mitarbeitergespraech-seminar","tag-mitarbeitergespraeche-fuehren","tag-mitarbeitergespraeche-richtig-fuehren","tag-motivation","tag-personalentwicklungsgespraech","tag-personalgespraech","tag-personalgespraech-fuehren","tag-personalgespraech-leitfaden","tag-seminar-mitarbeitergespraech","tag-unternehmenskultur","tag-vorbereitung-mitarbeitergespraech","tag-ziele-mitarbeitergespraech","tag-zielearbeit","tag-zusammenarbeit"],"yoast_head":"<!-- This site is optimized with the Yoast SEO plugin v27.5 - https:\/\/yoast.com\/product\/yoast-seo-wordpress\/ -->\n<title>Das j\u00e4hrliche Mitarbeitergespr\u00e4ch: Wie es richtig gef\u00fchrt wird<\/title>\n<meta name=\"description\" content=\"Wie das j\u00e4hrliche Mitarbeitergespr\u00e4ch mehr wird als eine Pflicht\u00fcbung und f\u00fcr F\u00fchrungskraft und Mitarbeiter gewinnbringend ist. Mitarbeitergespr\u00e4che als effektives F\u00fchrungsinstrument und Mitarbeitermotivation.\" \/>\n<meta name=\"robots\" content=\"index, follow, max-snippet:-1, max-image-preview:large, max-video-preview:-1\" \/>\n<link rel=\"canonical\" href=\"https:\/\/www.future.at\/blog\/das-jaehrliche-mitarbeitergespraech\/\" \/>\n<meta property=\"og:locale\" content=\"de_DE\" \/>\n<meta property=\"og:type\" content=\"article\" \/>\n<meta property=\"og:title\" content=\"Das j\u00e4hrliche Mitarbeitergespr\u00e4ch: Wie es richtig gef\u00fchrt wird\" \/>\n<meta property=\"og:description\" content=\"Wie das j\u00e4hrliche Mitarbeitergespr\u00e4ch mehr wird als eine Pflicht\u00fcbung und f\u00fcr F\u00fchrungskraft und Mitarbeiter gewinnbringend ist. Mitarbeitergespr\u00e4che als effektives F\u00fchrungsinstrument und Mitarbeitermotivation.\" \/>\n<meta property=\"og:url\" content=\"https:\/\/www.future.at\/blog\/das-jaehrliche-mitarbeitergespraech\/\" \/>\n<meta property=\"og:site_name\" content=\"FUTURE-Blog\" \/>\n<meta property=\"article:publisher\" content=\"https:\/\/www.facebook.com\/FUTURE.at\/\" \/>\n<meta property=\"article:published_time\" content=\"2017-12-11T09:00:59+00:00\" \/>\n<meta property=\"article:modified_time\" content=\"2023-12-27T11:32:28+00:00\" \/>\n<meta property=\"og:image\" content=\"https:\/\/www.future.at\/blog\/wp-content\/uploads\/2017\/07\/Das-j\u00e4hrliche-Mitarbeitergespr\u00e4ch_700x460.jpg\" \/>\n\t<meta property=\"og:image:width\" content=\"700\" \/>\n\t<meta property=\"og:image:height\" content=\"460\" \/>\n\t<meta property=\"og:image:type\" content=\"image\/jpeg\" \/>\n<meta name=\"author\" content=\"Antje Klimek\" \/>\n<meta name=\"twitter:card\" content=\"summary_large_image\" \/>\n<meta name=\"twitter:creator\" content=\"@FUTURE_GmbH\" \/>\n<meta name=\"twitter:site\" content=\"@FUTURE_GmbH\" \/>\n<meta name=\"twitter:label1\" content=\"Verfasst von\" \/>\n\t<meta name=\"twitter:data1\" content=\"Antje Klimek\" \/>\n\t<meta name=\"twitter:label2\" content=\"Gesch\u00e4tzte Lesezeit\" \/>\n\t<meta name=\"twitter:data2\" content=\"5\u00a0Minuten\" \/>\n\t<meta name=\"twitter:label3\" content=\"Written by\" \/>\n\t<meta name=\"twitter:data3\" content=\"Antje Klimek\" \/>\n<script type=\"application\/ld+json\" class=\"yoast-schema-graph\">{\"@context\":\"https:\\\/\\\/schema.org\",\"@graph\":[{\"@type\":\"Article\",\"@id\":\"https:\\\/\\\/www.future.at\\\/blog\\\/das-jaehrliche-mitarbeitergespraech\\\/#article\",\"isPartOf\":{\"@id\":\"https:\\\/\\\/www.future.at\\\/blog\\\/das-jaehrliche-mitarbeitergespraech\\\/\"},\"author\":{\"name\":\"Antje Klimek\",\"@id\":\"https:\\\/\\\/www.future.at\\\/blog\\\/#\\\/schema\\\/person\\\/2ad0ee1e738242155923bfa742a3d60d\"},\"headline\":\"Das j\u00e4hrliche Mitarbeitergespr\u00e4ch\",\"datePublished\":\"2017-12-11T09:00:59+00:00\",\"dateModified\":\"2023-12-27T11:32:28+00:00\",\"mainEntityOfPage\":{\"@id\":\"https:\\\/\\\/www.future.at\\\/blog\\\/das-jaehrliche-mitarbeitergespraech\\\/\"},\"wordCount\":700,\"commentCount\":0,\"publisher\":{\"@id\":\"https:\\\/\\\/www.future.at\\\/blog\\\/#organization\"},\"image\":{\"@id\":\"https:\\\/\\\/www.future.at\\\/blog\\\/das-jaehrliche-mitarbeitergespraech\\\/#primaryimage\"},\"thumbnailUrl\":\"https:\\\/\\\/www.future.at\\\/blog\\\/wp-content\\\/uploads\\\/2017\\\/07\\\/Das-j\u00e4hrliche-Mitarbeitergespr\u00e4ch_700x460.jpg\",\"keywords\":[\"ablauf mitarbeitergespr\u00e4ch\",\"Entwicklungsziele\",\"Feedback\",\"Feedbackgespr\u00e4ch\",\"f\u00fchrungsinstrument\",\"gespr\u00e4chsf\u00fchrung\",\"jahresgespr\u00e4ch\",\"leitfaden mitarbeitergespr\u00e4ch\",\"Mitarbeitergespr\u00e4ch\",\"mitarbeitergespr\u00e4ch seminar\",\"mitarbeitergespr\u00e4che f\u00fchren\",\"mitarbeitergespr\u00e4che richtig f\u00fchren\",\"Motivation\",\"personalentwicklungsgespr\u00e4ch\",\"personalgespr\u00e4ch\",\"personalgespr\u00e4ch f\u00fchren\",\"personalgespr\u00e4ch leitfaden\",\"seminar mitarbeitergespr\u00e4ch\",\"Unternehmenskultur\",\"vorbereitung mitarbeitergespr\u00e4ch\",\"ziele mitarbeitergespr\u00e4ch\",\"Zielearbeit\",\"Zusammenarbeit\"],\"articleSection\":[\"Leadership\"],\"inLanguage\":\"de\",\"potentialAction\":[{\"@type\":\"CommentAction\",\"name\":\"Comment\",\"target\":[\"https:\\\/\\\/www.future.at\\\/blog\\\/das-jaehrliche-mitarbeitergespraech\\\/#respond\"]}]},{\"@type\":\"WebPage\",\"@id\":\"https:\\\/\\\/www.future.at\\\/blog\\\/das-jaehrliche-mitarbeitergespraech\\\/\",\"url\":\"https:\\\/\\\/www.future.at\\\/blog\\\/das-jaehrliche-mitarbeitergespraech\\\/\",\"name\":\"Das j\u00e4hrliche Mitarbeitergespr\u00e4ch: Wie es richtig gef\u00fchrt wird\",\"isPartOf\":{\"@id\":\"https:\\\/\\\/www.future.at\\\/blog\\\/#website\"},\"primaryImageOfPage\":{\"@id\":\"https:\\\/\\\/www.future.at\\\/blog\\\/das-jaehrliche-mitarbeitergespraech\\\/#primaryimage\"},\"image\":{\"@id\":\"https:\\\/\\\/www.future.at\\\/blog\\\/das-jaehrliche-mitarbeitergespraech\\\/#primaryimage\"},\"thumbnailUrl\":\"https:\\\/\\\/www.future.at\\\/blog\\\/wp-content\\\/uploads\\\/2017\\\/07\\\/Das-j\u00e4hrliche-Mitarbeitergespr\u00e4ch_700x460.jpg\",\"datePublished\":\"2017-12-11T09:00:59+00:00\",\"dateModified\":\"2023-12-27T11:32:28+00:00\",\"description\":\"Wie das j\u00e4hrliche Mitarbeitergespr\u00e4ch mehr wird als eine Pflicht\u00fcbung und f\u00fcr F\u00fchrungskraft und Mitarbeiter gewinnbringend ist. Mitarbeitergespr\u00e4che als effektives F\u00fchrungsinstrument und Mitarbeitermotivation.\",\"breadcrumb\":{\"@id\":\"https:\\\/\\\/www.future.at\\\/blog\\\/das-jaehrliche-mitarbeitergespraech\\\/#breadcrumb\"},\"inLanguage\":\"de\",\"potentialAction\":[{\"@type\":\"ReadAction\",\"target\":[\"https:\\\/\\\/www.future.at\\\/blog\\\/das-jaehrliche-mitarbeitergespraech\\\/\"]}]},{\"@type\":\"ImageObject\",\"inLanguage\":\"de\",\"@id\":\"https:\\\/\\\/www.future.at\\\/blog\\\/das-jaehrliche-mitarbeitergespraech\\\/#primaryimage\",\"url\":\"https:\\\/\\\/www.future.at\\\/blog\\\/wp-content\\\/uploads\\\/2017\\\/07\\\/Das-j\u00e4hrliche-Mitarbeitergespr\u00e4ch_700x460.jpg\",\"contentUrl\":\"https:\\\/\\\/www.future.at\\\/blog\\\/wp-content\\\/uploads\\\/2017\\\/07\\\/Das-j\u00e4hrliche-Mitarbeitergespr\u00e4ch_700x460.jpg\",\"width\":700,\"height\":460,\"caption\":\"erfolgreiches team plant gemeinsam\"},{\"@type\":\"BreadcrumbList\",\"@id\":\"https:\\\/\\\/www.future.at\\\/blog\\\/das-jaehrliche-mitarbeitergespraech\\\/#breadcrumb\",\"itemListElement\":[{\"@type\":\"ListItem\",\"position\":1,\"name\":\"Home\",\"item\":\"https:\\\/\\\/www.future.at\\\/blog\\\/\"},{\"@type\":\"ListItem\",\"position\":2,\"name\":\"Das j\u00e4hrliche Mitarbeitergespr\u00e4ch\"}]},{\"@type\":\"WebSite\",\"@id\":\"https:\\\/\\\/www.future.at\\\/blog\\\/#website\",\"url\":\"https:\\\/\\\/www.future.at\\\/blog\\\/\",\"name\":\"FUTURE-Blog\",\"description\":\"Inspiration und Impulse zu Leadership, Coaching, Unternehmenskultur und Erwachsenenbildung \u2013 Finden Sie hier Best Practice Beispiele\",\"publisher\":{\"@id\":\"https:\\\/\\\/www.future.at\\\/blog\\\/#organization\"},\"potentialAction\":[{\"@type\":\"SearchAction\",\"target\":{\"@type\":\"EntryPoint\",\"urlTemplate\":\"https:\\\/\\\/www.future.at\\\/blog\\\/?s={search_term_string}\"},\"query-input\":{\"@type\":\"PropertyValueSpecification\",\"valueRequired\":true,\"valueName\":\"search_term_string\"}}],\"inLanguage\":\"de\"},{\"@type\":\"Organization\",\"@id\":\"https:\\\/\\\/www.future.at\\\/blog\\\/#organization\",\"name\":\"FUTURE Training Beratung Coaching GmbH\",\"url\":\"https:\\\/\\\/www.future.at\\\/blog\\\/\",\"logo\":{\"@type\":\"ImageObject\",\"inLanguage\":\"de\",\"@id\":\"https:\\\/\\\/www.future.at\\\/blog\\\/#\\\/schema\\\/logo\\\/image\\\/\",\"url\":\"https:\\\/\\\/www.future.at\\\/blog\\\/wp-content\\\/uploads\\\/2017\\\/11\\\/FUTURE-Logo-klein-RGB.jpg\",\"contentUrl\":\"https:\\\/\\\/www.future.at\\\/blog\\\/wp-content\\\/uploads\\\/2017\\\/11\\\/FUTURE-Logo-klein-RGB.jpg\",\"width\":500,\"height\":179,\"caption\":\"FUTURE Training Beratung Coaching GmbH\"},\"image\":{\"@id\":\"https:\\\/\\\/www.future.at\\\/blog\\\/#\\\/schema\\\/logo\\\/image\\\/\"},\"sameAs\":[\"https:\\\/\\\/www.facebook.com\\\/FUTURE.at\\\/\",\"https:\\\/\\\/x.com\\\/FUTURE_GmbH\",\"https:\\\/\\\/www.linkedin.com\\\/company\\\/future-coaching-academy-international\\\/\",\"https:\\\/\\\/www.youtube.com\\\/channel\\\/UCzdc9s_FUYJx4_rtNvUYNKQ?view_as=subscriber\"]},{\"@type\":\"Person\",\"@id\":\"https:\\\/\\\/www.future.at\\\/blog\\\/#\\\/schema\\\/person\\\/2ad0ee1e738242155923bfa742a3d60d\",\"name\":\"Antje Klimek\",\"url\":\"https:\\\/\\\/www.future.at\\\/blog\\\/author\\\/antje_klimek\\\/\"}]}<\/script>\n<!-- \/ Yoast SEO plugin. -->","yoast_head_json":{"title":"Das j\u00e4hrliche Mitarbeitergespr\u00e4ch: Wie es richtig gef\u00fchrt wird","description":"Wie das j\u00e4hrliche Mitarbeitergespr\u00e4ch mehr wird als eine Pflicht\u00fcbung und f\u00fcr F\u00fchrungskraft und Mitarbeiter gewinnbringend ist. Mitarbeitergespr\u00e4che als effektives F\u00fchrungsinstrument und Mitarbeitermotivation.","robots":{"index":"index","follow":"follow","max-snippet":"max-snippet:-1","max-image-preview":"max-image-preview:large","max-video-preview":"max-video-preview:-1"},"canonical":"https:\/\/www.future.at\/blog\/das-jaehrliche-mitarbeitergespraech\/","og_locale":"de_DE","og_type":"article","og_title":"Das j\u00e4hrliche Mitarbeitergespr\u00e4ch: Wie es richtig gef\u00fchrt wird","og_description":"Wie das j\u00e4hrliche Mitarbeitergespr\u00e4ch mehr wird als eine Pflicht\u00fcbung und f\u00fcr F\u00fchrungskraft und Mitarbeiter gewinnbringend ist. Mitarbeitergespr\u00e4che als effektives F\u00fchrungsinstrument und Mitarbeitermotivation.","og_url":"https:\/\/www.future.at\/blog\/das-jaehrliche-mitarbeitergespraech\/","og_site_name":"FUTURE-Blog","article_publisher":"https:\/\/www.facebook.com\/FUTURE.at\/","article_published_time":"2017-12-11T09:00:59+00:00","article_modified_time":"2023-12-27T11:32:28+00:00","og_image":[{"width":700,"height":460,"url":"https:\/\/www.future.at\/blog\/wp-content\/uploads\/2017\/07\/Das-j\u00e4hrliche-Mitarbeitergespr\u00e4ch_700x460.jpg","type":"image\/jpeg"}],"author":"Antje Klimek","twitter_card":"summary_large_image","twitter_creator":"@FUTURE_GmbH","twitter_site":"@FUTURE_GmbH","twitter_misc":{"Verfasst von":"Antje Klimek","Gesch\u00e4tzte Lesezeit":"5\u00a0Minuten","Written by":"Antje Klimek"},"schema":{"@context":"https:\/\/schema.org","@graph":[{"@type":"Article","@id":"https:\/\/www.future.at\/blog\/das-jaehrliche-mitarbeitergespraech\/#article","isPartOf":{"@id":"https:\/\/www.future.at\/blog\/das-jaehrliche-mitarbeitergespraech\/"},"author":{"name":"Antje Klimek","@id":"https:\/\/www.future.at\/blog\/#\/schema\/person\/2ad0ee1e738242155923bfa742a3d60d"},"headline":"Das j\u00e4hrliche Mitarbeitergespr\u00e4ch","datePublished":"2017-12-11T09:00:59+00:00","dateModified":"2023-12-27T11:32:28+00:00","mainEntityOfPage":{"@id":"https:\/\/www.future.at\/blog\/das-jaehrliche-mitarbeitergespraech\/"},"wordCount":700,"commentCount":0,"publisher":{"@id":"https:\/\/www.future.at\/blog\/#organization"},"image":{"@id":"https:\/\/www.future.at\/blog\/das-jaehrliche-mitarbeitergespraech\/#primaryimage"},"thumbnailUrl":"https:\/\/www.future.at\/blog\/wp-content\/uploads\/2017\/07\/Das-j\u00e4hrliche-Mitarbeitergespr\u00e4ch_700x460.jpg","keywords":["ablauf mitarbeitergespr\u00e4ch","Entwicklungsziele","Feedback","Feedbackgespr\u00e4ch","f\u00fchrungsinstrument","gespr\u00e4chsf\u00fchrung","jahresgespr\u00e4ch","leitfaden mitarbeitergespr\u00e4ch","Mitarbeitergespr\u00e4ch","mitarbeitergespr\u00e4ch seminar","mitarbeitergespr\u00e4che f\u00fchren","mitarbeitergespr\u00e4che richtig f\u00fchren","Motivation","personalentwicklungsgespr\u00e4ch","personalgespr\u00e4ch","personalgespr\u00e4ch f\u00fchren","personalgespr\u00e4ch leitfaden","seminar mitarbeitergespr\u00e4ch","Unternehmenskultur","vorbereitung mitarbeitergespr\u00e4ch","ziele mitarbeitergespr\u00e4ch","Zielearbeit","Zusammenarbeit"],"articleSection":["Leadership"],"inLanguage":"de","potentialAction":[{"@type":"CommentAction","name":"Comment","target":["https:\/\/www.future.at\/blog\/das-jaehrliche-mitarbeitergespraech\/#respond"]}]},{"@type":"WebPage","@id":"https:\/\/www.future.at\/blog\/das-jaehrliche-mitarbeitergespraech\/","url":"https:\/\/www.future.at\/blog\/das-jaehrliche-mitarbeitergespraech\/","name":"Das j\u00e4hrliche Mitarbeitergespr\u00e4ch: Wie es richtig gef\u00fchrt wird","isPartOf":{"@id":"https:\/\/www.future.at\/blog\/#website"},"primaryImageOfPage":{"@id":"https:\/\/www.future.at\/blog\/das-jaehrliche-mitarbeitergespraech\/#primaryimage"},"image":{"@id":"https:\/\/www.future.at\/blog\/das-jaehrliche-mitarbeitergespraech\/#primaryimage"},"thumbnailUrl":"https:\/\/www.future.at\/blog\/wp-content\/uploads\/2017\/07\/Das-j\u00e4hrliche-Mitarbeitergespr\u00e4ch_700x460.jpg","datePublished":"2017-12-11T09:00:59+00:00","dateModified":"2023-12-27T11:32:28+00:00","description":"Wie das j\u00e4hrliche Mitarbeitergespr\u00e4ch mehr wird als eine Pflicht\u00fcbung und f\u00fcr F\u00fchrungskraft und Mitarbeiter gewinnbringend ist. Mitarbeitergespr\u00e4che als effektives F\u00fchrungsinstrument und Mitarbeitermotivation.","breadcrumb":{"@id":"https:\/\/www.future.at\/blog\/das-jaehrliche-mitarbeitergespraech\/#breadcrumb"},"inLanguage":"de","potentialAction":[{"@type":"ReadAction","target":["https:\/\/www.future.at\/blog\/das-jaehrliche-mitarbeitergespraech\/"]}]},{"@type":"ImageObject","inLanguage":"de","@id":"https:\/\/www.future.at\/blog\/das-jaehrliche-mitarbeitergespraech\/#primaryimage","url":"https:\/\/www.future.at\/blog\/wp-content\/uploads\/2017\/07\/Das-j\u00e4hrliche-Mitarbeitergespr\u00e4ch_700x460.jpg","contentUrl":"https:\/\/www.future.at\/blog\/wp-content\/uploads\/2017\/07\/Das-j\u00e4hrliche-Mitarbeitergespr\u00e4ch_700x460.jpg","width":700,"height":460,"caption":"erfolgreiches team plant gemeinsam"},{"@type":"BreadcrumbList","@id":"https:\/\/www.future.at\/blog\/das-jaehrliche-mitarbeitergespraech\/#breadcrumb","itemListElement":[{"@type":"ListItem","position":1,"name":"Home","item":"https:\/\/www.future.at\/blog\/"},{"@type":"ListItem","position":2,"name":"Das j\u00e4hrliche Mitarbeitergespr\u00e4ch"}]},{"@type":"WebSite","@id":"https:\/\/www.future.at\/blog\/#website","url":"https:\/\/www.future.at\/blog\/","name":"FUTURE-Blog","description":"Inspiration und Impulse zu Leadership, Coaching, Unternehmenskultur und Erwachsenenbildung \u2013 Finden Sie hier Best Practice Beispiele","publisher":{"@id":"https:\/\/www.future.at\/blog\/#organization"},"potentialAction":[{"@type":"SearchAction","target":{"@type":"EntryPoint","urlTemplate":"https:\/\/www.future.at\/blog\/?s={search_term_string}"},"query-input":{"@type":"PropertyValueSpecification","valueRequired":true,"valueName":"search_term_string"}}],"inLanguage":"de"},{"@type":"Organization","@id":"https:\/\/www.future.at\/blog\/#organization","name":"FUTURE Training Beratung Coaching GmbH","url":"https:\/\/www.future.at\/blog\/","logo":{"@type":"ImageObject","inLanguage":"de","@id":"https:\/\/www.future.at\/blog\/#\/schema\/logo\/image\/","url":"https:\/\/www.future.at\/blog\/wp-content\/uploads\/2017\/11\/FUTURE-Logo-klein-RGB.jpg","contentUrl":"https:\/\/www.future.at\/blog\/wp-content\/uploads\/2017\/11\/FUTURE-Logo-klein-RGB.jpg","width":500,"height":179,"caption":"FUTURE Training Beratung Coaching GmbH"},"image":{"@id":"https:\/\/www.future.at\/blog\/#\/schema\/logo\/image\/"},"sameAs":["https:\/\/www.facebook.com\/FUTURE.at\/","https:\/\/x.com\/FUTURE_GmbH","https:\/\/www.linkedin.com\/company\/future-coaching-academy-international\/","https:\/\/www.youtube.com\/channel\/UCzdc9s_FUYJx4_rtNvUYNKQ?view_as=subscriber"]},{"@type":"Person","@id":"https:\/\/www.future.at\/blog\/#\/schema\/person\/2ad0ee1e738242155923bfa742a3d60d","name":"Antje Klimek","url":"https:\/\/www.future.at\/blog\/author\/antje_klimek\/"}]}},"jetpack_featured_media_url":"https:\/\/www.future.at\/blog\/wp-content\/uploads\/2017\/07\/Das-j\u00e4hrliche-Mitarbeitergespr\u00e4ch_700x460.jpg","jetpack_shortlink":"https:\/\/wp.me\/p9f2Ut-Y","jetpack_sharing_enabled":true,"_links":{"self":[{"href":"https:\/\/www.future.at\/blog\/wp-json\/wp\/v2\/posts\/60","targetHints":{"allow":["GET"]}}],"collection":[{"href":"https:\/\/www.future.at\/blog\/wp-json\/wp\/v2\/posts"}],"about":[{"href":"https:\/\/www.future.at\/blog\/wp-json\/wp\/v2\/types\/post"}],"author":[{"embeddable":true,"href":"https:\/\/www.future.at\/blog\/wp-json\/wp\/v2\/users\/7"}],"replies":[{"embeddable":true,"href":"https:\/\/www.future.at\/blog\/wp-json\/wp\/v2\/comments?post=60"}],"version-history":[{"count":35,"href":"https:\/\/www.future.at\/blog\/wp-json\/wp\/v2\/posts\/60\/revisions"}],"predecessor-version":[{"id":2783,"href":"https:\/\/www.future.at\/blog\/wp-json\/wp\/v2\/posts\/60\/revisions\/2783"}],"wp:featuredmedia":[{"embeddable":true,"href":"https:\/\/www.future.at\/blog\/wp-json\/wp\/v2\/media\/121"}],"wp:attachment":[{"href":"https:\/\/www.future.at\/blog\/wp-json\/wp\/v2\/media?parent=60"}],"wp:term":[{"taxonomy":"category","embeddable":true,"href":"https:\/\/www.future.at\/blog\/wp-json\/wp\/v2\/categories?post=60"},{"taxonomy":"post_tag","embeddable":true,"href":"https:\/\/www.future.at\/blog\/wp-json\/wp\/v2\/tags?post=60"},{"taxonomy":"author","embeddable":true,"href":"https:\/\/www.future.at\/blog\/wp-json\/wp\/v2\/coauthors?post=60"}],"curies":[{"name":"wp","href":"https:\/\/api.w.org\/{rel}","templated":true}]}}